{"id":13217,"date":"2026-01-06T08:20:00","date_gmt":"2026-01-06T08:20:00","guid":{"rendered":"https:\/\/ontoretail.com\/?p=13217"},"modified":"2026-04-08T07:38:32","modified_gmt":"2026-04-08T07:38:32","slug":"buti%cc%87k-tasarim-perakende-deneyi%cc%87mleri%cc%87-yaratiyor","status":"publish","type":"post","link":"https:\/\/ontoretail.com\/tr\/boutique-design-creating-retail-experiences\/","title":{"rendered":"Karakter Odakl\u0131 Perakende Deneyimleri Yaratan Butik Tasar\u0131m"},"content":{"rendered":"<div data-elementor-type=\"wp-post\" data-elementor-id=\"13217\" class=\"elementor elementor-13217\" data-elementor-post-type=\"post\">\n\t\t\t\t        <section class=\"elementor-section elementor-top-section elementor-element elementor-element-a75a90d elementor-section-boxed elementor-section-height-default elementor-section-height-default pxl-section-line-left-no pxl-section-line-right-no pxl-section-static-pos-no pxl-section-overflow-hidden-no\" data-id=\"a75a90d\" data-element_type=\"section\" data-e-type=\"section\">\n\n                \n                <div class=\"elementor-container elementor-column-gap-default\">\n                <div class=\"elementor-column elementor-col-100 elementor-top-column elementor-element elementor-element-042404c pxl-column-element-default pxl-column-overflow-hidden-no\" data-id=\"042404c\" data-element_type=\"column\" data-e-type=\"column\">\r\n        <div class=\"elementor-widget-wrap elementor-element-populated\">\r\n                     \r\n        \t\t<div class=\"elementor-element elementor-element-d5a74ae pxl-wg-bd-anm-no elementor-widget elementor-widget-heading\" data-id=\"d5a74ae\" data-element_type=\"widget\" data-e-type=\"widget\" data-widget_type=\"heading.default\">\n\t\t\t\t<div class=\"elementor-widget-container\">\n\t\t\t\t\t<h1 class=\"elementor-heading-title elementor-size-default\">Karakter Odakl\u0131 Perakende Deneyimleri Yaratan Butik Tasar\u0131m<\/h1>\t\t\t\t<\/div>\n\t\t\t\t<\/div>\n\t\t\t\t<div class=\"elementor-element elementor-element-56f4e30 elementor-widget__width-initial pxl-wg-bd-anm-no elementor-widget elementor-widget-pxl_text_editor\" data-id=\"56f4e30\" data-element_type=\"widget\" data-e-type=\"widget\" data-widget_type=\"pxl_text_editor.default\">\n\t\t\t\t<div class=\"elementor-widget-container\">\n\t\t\t\t\t<div id=\"pxl_text_editor-56f4e30-6449\" class=\"pxl-text-editor-wrap d-flex\" >\n\t<div class=\"pxl-text-editor elementor-clearfix\">\n\t\tRekabetin giderek artt\u0131\u011f\u0131 perakende d\u00fcnyas\u0131nda m\u00fc\u015fteriler art\u0131k ma\u011fazalar\u0131 sadece \u00fcr\u00fcn sat\u0131n almak i\u00e7in ziyaret etmiyor. \u0130lham, duygu ve ba\u011flant\u0131 ar\u0131yorlar. Bu de\u011fi\u015fim, butik tasar\u0131m\u0131 modern perakende stratejisinin merkezine yerle\u015ftirmi\u015ftir. Butik tasar\u0131m, k\u00fc\u00e7\u00fck ve orta \u00f6l\u00e7ekli perakende alanlar\u0131n\u0131 kimlik, atmosfer ve hikaye anlat\u0131m\u0131n\u0131n bir araya geldi\u011fi anlaml\u0131 ortamlara d\u00f6n\u00fc\u015ft\u00fcr\u00fcr.\n\nButik tasar\u0131m, hacim veya tekd\u00fczeli\u011fe odaklanmak yerine bireyselli\u011fi vurgular. Her alan farkl\u0131 bir bak\u0131\u015f a\u00e7\u0131s\u0131n\u0131n yans\u0131mas\u0131 haline gelir ve m\u00fc\u015fterileri \u00f6zenle se\u00e7ilmi\u015f bir deneyime davet eder.\t\t\n\t<\/div>\n<\/div>\t\t\t\t<\/div>\n\t\t\t\t<\/div>\n\t\t            <\/div>\r\n        <\/div>\r\n        \t\t\t<\/div>\n\t\t<\/section>\n\t\t        <section class=\"elementor-section elementor-top-section elementor-element elementor-element-9ddbcff elementor-section-boxed elementor-section-height-default elementor-section-height-default pxl-section-line-left-no pxl-section-line-right-no pxl-section-static-pos-no pxl-section-overflow-hidden-no\" data-id=\"9ddbcff\" data-element_type=\"section\" data-e-type=\"section\">\n\n                \n                <div class=\"elementor-container elementor-column-gap-default\">\n                <div class=\"elementor-column elementor-col-50 elementor-top-column elementor-element elementor-element-9185c07 pxl-column-element-default pxl-column-overflow-hidden-no\" data-id=\"9185c07\" data-element_type=\"column\" data-e-type=\"column\">\r\n        <div class=\"elementor-widget-wrap elementor-element-populated\">\r\n                     \r\n        \t\t<div class=\"elementor-element elementor-element-1ff5d62 pxl-wg-bd-anm-no elementor-widget elementor-widget-pxl_image\" data-id=\"1ff5d62\" data-element_type=\"widget\" data-e-type=\"widget\" data-widget_type=\"pxl_image.default\">\n\t\t\t\t<div class=\"elementor-widget-container\">\n\t\t\t\t\t<div id=\"pxl_image-1ff5d62-5225\" class=\"pxl-image-wg\">\r\n\t\t<img fetchpriority=\"high\" decoding=\"async\" width=\"2560\" height=\"1707\" src=\"https:\/\/ontoretail.com\/wp-content\/uploads\/Boutique-design_01-scaled.webp\" class=\"attachment-full size-full wp-image-13223\" alt=\"\" srcset=\"https:\/\/ontoretail.com\/wp-content\/uploads\/Boutique-design_01-scaled.webp 2560w, https:\/\/ontoretail.com\/wp-content\/uploads\/Boutique-design_01-768x512.webp 768w, https:\/\/ontoretail.com\/wp-content\/uploads\/Boutique-design_01-1536x1024.webp 1536w, https:\/\/ontoretail.com\/wp-content\/uploads\/Boutique-design_01-2048x1366.webp 2048w, https:\/\/ontoretail.com\/wp-content\/uploads\/Boutique-design_01-18x12.webp 18w, https:\/\/ontoretail.com\/wp-content\/uploads\/Boutique-design_01-1065x710.webp 1065w\" sizes=\"(max-width: 2560px) 100vw, 2560px\" \/>\t<\/div>\r\n\t\t\t\t<\/div>\n\t\t\t\t<\/div>\n\t\t            <\/div>\r\n        <\/div>\r\n                <div class=\"elementor-column elementor-col-50 elementor-top-column elementor-element elementor-element-9bd4dc2 pxl-column-element-default pxl-column-overflow-hidden-no\" data-id=\"9bd4dc2\" data-element_type=\"column\" data-e-type=\"column\">\r\n        <div class=\"elementor-widget-wrap elementor-element-populated\">\r\n                     \r\n        \t\t<div class=\"elementor-element elementor-element-65d48fc pxl-wg-bd-anm-no elementor-widget elementor-widget-pxl_heading\" data-id=\"65d48fc\" data-element_type=\"widget\" data-e-type=\"widget\" data-widget_type=\"pxl_heading.default\">\n\t\t\t\t<div class=\"elementor-widget-container\">\n\t\t\t\t\t<div class=\"pxl-heading-wrap d-flex\">\n    <div class=\"pxl-heading-inner\">\n                <h2 class=\"heading-title\">\n            Butik Tasar\u0131m Nedir?        <\/h2>\n            <\/div>\n<\/div>\n\n\t\t\t\t<\/div>\n\t\t\t\t<\/div>\n\t\t\t\t<div class=\"elementor-element elementor-element-18ca8bc pxl-wg-bd-anm-no elementor-widget elementor-widget-pxl_text_editor\" data-id=\"18ca8bc\" data-element_type=\"widget\" data-e-type=\"widget\" data-widget_type=\"pxl_text_editor.default\">\n\t\t\t\t<div class=\"elementor-widget-container\">\n\t\t\t\t\t<div id=\"pxl_text_editor-18ca8bc-8537\" class=\"pxl-text-editor-wrap d-flex\" >\n\t<div class=\"pxl-text-editor elementor-clearfix\">\n\t\tButik tasar\u0131m, karakter, detay ve duygusal ba\u011fl\u0131l\u0131\u011fa \u00f6ncelik veren bir tasar\u0131m yakla\u015f\u0131m\u0131d\u0131r. Genellikle daha k\u00fc\u00e7\u00fck perakende alanlar\u0131na uygulan\u0131r, ancak etkisi \u00f6l\u00e7e\u011fin \u00e7ok \u00f6tesine ge\u00e7er. Butik tasar\u0131m, ki\u015fisel, kas\u0131tl\u0131 ve \u00f6zg\u00fcn hissettiren ortamlar yaratmaya odaklan\u0131r.\n\nButik tasar\u0131mdaki her tasar\u0131m karar\u0131 bilin\u00e7lidir. Malzemeler, ayd\u0131nlatma, d\u00fczen ve \u00fcr\u00fcn sunumu uyumlu bir anlat\u0131m\u0131 desteklemek \u00fczere se\u00e7ilir. Ama\u00e7 m\u00fcmk\u00fcn oldu\u011funca \u00e7ok say\u0131da \u00fcr\u00fcn sergilemek de\u011fil, bu \u00fcr\u00fcnleri alg\u0131lanan de\u011ferlerini art\u0131racak \u015fekilde sunmakt\u0131r.\t\t\n\t<\/div>\n<\/div>\t\t\t\t<\/div>\n\t\t\t\t<\/div>\n\t\t            <\/div>\r\n        <\/div>\r\n        \t\t\t<\/div>\n\t\t<\/section>\n\t\t        <section class=\"elementor-section elementor-top-section elementor-element elementor-element-8609ed2 elementor-section-boxed elementor-section-height-default elementor-section-height-default pxl-section-line-left-no pxl-section-line-right-no pxl-section-static-pos-no pxl-section-overflow-hidden-no\" data-id=\"8609ed2\" data-element_type=\"section\" data-e-type=\"section\">\n\n                \n                <div class=\"elementor-container elementor-column-gap-default\">\n                <div class=\"elementor-column elementor-col-100 elementor-top-column elementor-element elementor-element-4aa7078 pxl-column-element-default pxl-column-overflow-hidden-no\" data-id=\"4aa7078\" data-element_type=\"column\" data-e-type=\"column\">\r\n        <div class=\"elementor-widget-wrap elementor-element-populated\">\r\n                     \r\n        \t\t<div class=\"elementor-element elementor-element-63fb575 pxl-wg-bd-anm-no elementor-widget elementor-widget-pxl_heading\" data-id=\"63fb575\" data-element_type=\"widget\" data-e-type=\"widget\" data-widget_type=\"pxl_heading.default\">\n\t\t\t\t<div class=\"elementor-widget-container\">\n\t\t\t\t\t<div class=\"pxl-heading-wrap d-flex\">\n    <div class=\"pxl-heading-inner\">\n                <h2 class=\"heading-title\">\n            Butik Tasar\u0131m Neden \u00d6nemlidir?        <\/h2>\n            <\/div>\n<\/div>\n\n\t\t\t\t<\/div>\n\t\t\t\t<\/div>\n\t\t\t\t<div class=\"elementor-element elementor-element-23752a1 elementor-widget__width-initial pxl-wg-bd-anm-no elementor-widget elementor-widget-pxl_text_editor\" data-id=\"23752a1\" data-element_type=\"widget\" data-e-type=\"widget\" data-widget_type=\"pxl_text_editor.default\">\n\t\t\t\t<div class=\"elementor-widget-container\">\n\t\t\t\t\t<div id=\"pxl_text_editor-23752a1-7924\" class=\"pxl-text-editor-wrap d-flex\" >\n\t<div class=\"pxl-text-editor elementor-clearfix\">\n\t\t<p data-start=\"1793\" data-end=\"1976\">G\u00fcn\u00fcm\u00fcz t\u00fcketicileri insani ve anlaml\u0131 hissettiren mekanlara ilgi duyuyor. Butik tasar\u0131m, ke\u015ffetmeyi ve duygusal ba\u011f kurmay\u0131 te\u015fvik eden ortamlar yaratarak bu talebe yan\u0131t veriyor.<\/p><p data-start=\"1978\" data-end=\"2015\">\u0130yi uygulanm\u0131\u015f bir butik tasar\u0131m<\/p><ul><li data-start=\"2018\" data-end=\"2045\">Marka kimli\u011fini g\u00fc\u00e7lendirin<\/li><li data-start=\"2018\" data-end=\"2045\">Alg\u0131lanan \u00fcr\u00fcn de\u011ferini art\u0131r\u0131n<\/li><li data-start=\"2018\" data-end=\"2045\">Daha uzun ma\u011faza ziyaretlerini te\u015fvik edin<\/li><li data-start=\"2018\" data-end=\"2045\">Premium konumland\u0131rmay\u0131 destekleyin<\/li><li data-start=\"2018\" data-end=\"2045\">M\u00fc\u015fteri sadakati olu\u015fturun<\/li><\/ul><p data-start=\"2177\" data-end=\"2282\">Standartla\u015fm\u0131\u015f perakende formatlar\u0131n\u0131n hakim oldu\u011fu bir pazarda, butik tasar\u0131m \u00f6ne \u00e7\u0131kmak i\u00e7in g\u00fc\u00e7l\u00fc bir yol sunar.<\/p>\t\t\n\t<\/div>\n<\/div>\t\t\t\t<\/div>\n\t\t\t\t<\/div>\n\t\t\t\t<div class=\"elementor-element elementor-element-25da4cc pxl-wg-bd-anm-no elementor-widget elementor-widget-pxl_heading\" data-id=\"25da4cc\" data-element_type=\"widget\" data-e-type=\"widget\" data-widget_type=\"pxl_heading.default\">\n\t\t\t\t<div class=\"elementor-widget-container\">\n\t\t\t\t\t<div class=\"pxl-heading-wrap d-flex\">\n    <div class=\"pxl-heading-inner\">\n                <h3 class=\"heading-title\">\n            Butik Tasar\u0131m\u0131n Temel \u0130lkeleri        <\/h3>\n            <\/div>\n<\/div>\n\n\t\t\t\t<\/div>\n\t\t\t\t<\/div>\n\t\t\t\t<div class=\"elementor-element elementor-element-6d5a802 pxl-wg-bd-anm-no elementor-widget elementor-widget-pxl_text_editor\" data-id=\"6d5a802\" data-element_type=\"widget\" data-e-type=\"widget\" data-widget_type=\"pxl_text_editor.default\">\n\t\t\t\t<div class=\"elementor-widget-container\">\n\t\t\t\t\t<div id=\"pxl_text_editor-6d5a802-2402\" class=\"pxl-text-editor-wrap d-flex\" >\n\t<div class=\"pxl-text-editor elementor-clearfix\">\n\t\t<h5>Atmosfer ve Kimlik<\/h5>\t\t\n\t<\/div>\n<\/div>\t\t\t\t<\/div>\n\t\t\t\t<\/div>\n\t\t\t\t<div class=\"elementor-element elementor-element-9f50d5c pxl-wg-bd-anm-no elementor-widget elementor-widget-pxl_text_editor\" data-id=\"9f50d5c\" data-element_type=\"widget\" data-e-type=\"widget\" data-widget_type=\"pxl_text_editor.default\">\n\t\t\t\t<div class=\"elementor-widget-container\">\n\t\t\t\t\t<div id=\"pxl_text_editor-9f50d5c-2882\" class=\"pxl-text-editor-wrap d-flex\" >\n\t<div class=\"pxl-text-editor elementor-clearfix\">\n\t\tAtmosfer, butik tasar\u0131m\u0131n\u0131n temelidir. Her butik, markan\u0131n de\u011ferleri ve estetik diliyle uyumlu net bir kimlik iletmelidir. Atmosfer ister sakin, ister sanatsal, ister minimal veya etkileyici olsun, tutarl\u0131l\u0131k esast\u0131r.\n\nAyd\u0131nlatma, renk tonlar\u0131, dokular ve hatta ses bile genel havaya katk\u0131da bulunur. Bu unsurlar birlikte, m\u00fc\u015fterilerin sadece g\u00f6zlemlemekten ziyade hissettikleri bir ortam yarat\u0131r.\t\t\n\t<\/div>\n<\/div>\t\t\t\t<\/div>\n\t\t\t\t<\/div>\n\t\t\t\t<div class=\"elementor-element elementor-element-97df7ed pxl-wg-bd-anm-no elementor-widget elementor-widget-pxl_text_editor\" data-id=\"97df7ed\" data-element_type=\"widget\" data-e-type=\"widget\" data-widget_type=\"pxl_text_editor.default\">\n\t\t\t\t<div class=\"elementor-widget-container\">\n\t\t\t\t\t<div id=\"pxl_text_editor-97df7ed-3054\" class=\"pxl-text-editor-wrap d-flex\" >\n\t<div class=\"pxl-text-editor elementor-clearfix\">\n\t\t<h5>Malzeme Se\u00e7imi<\/h5>\t\t\n\t<\/div>\n<\/div>\t\t\t\t<\/div>\n\t\t\t\t<\/div>\n\t\t\t\t<div class=\"elementor-element elementor-element-537d315 pxl-wg-bd-anm-no elementor-widget elementor-widget-pxl_text_editor\" data-id=\"537d315\" data-element_type=\"widget\" data-e-type=\"widget\" data-widget_type=\"pxl_text_editor.default\">\n\t\t\t\t<div class=\"elementor-widget-container\">\n\t\t\t\t\t<div id=\"pxl_text_editor-537d315-2495\" class=\"pxl-text-editor-wrap d-flex\" >\n\t<div class=\"pxl-text-editor elementor-clearfix\">\n\t\tButik tasar\u0131m, malzeme kalitesine g\u00fc\u00e7l\u00fc bir vurgu yapar. Ah\u015fap, ta\u015f, cam ve kuma\u015f gibi do\u011fal malzemeler, dokunsal ve g\u00f6rsel zenginlikleri nedeniyle s\u0131kl\u0131kla tercih edilir. Bu malzemeler s\u0131cakl\u0131k ve derinlik katarak mekan\u0131n davetkar ve otantik hissetmesine yard\u0131mc\u0131 olur.\n\n\u00d6zenle se\u00e7ilen malzemeler ayn\u0131 zamanda i\u015f\u00e7ilik ve detaylara g\u00f6sterilen \u00f6zeni de i\u015faret ederek g\u00fcven ve kalite alg\u0131s\u0131n\u0131 g\u00fc\u00e7lendirir.\t\t\n\t<\/div>\n<\/div>\t\t\t\t<\/div>\n\t\t\t\t<\/div>\n\t\t\t\t<div class=\"elementor-element elementor-element-6bea746 pxl-wg-bd-anm-no elementor-widget elementor-widget-pxl_text_editor\" data-id=\"6bea746\" data-element_type=\"widget\" data-e-type=\"widget\" data-widget_type=\"pxl_text_editor.default\">\n\t\t\t\t<div class=\"elementor-widget-container\">\n\t\t\t\t\t<div id=\"pxl_text_editor-6bea746-7633\" class=\"pxl-text-editor-wrap d-flex\" >\n\t<div class=\"pxl-text-editor elementor-clearfix\">\n\t\t<h5>D\u00fczen ve Ak\u0131\u015f<\/h5>\t\t\n\t<\/div>\n<\/div>\t\t\t\t<\/div>\n\t\t\t\t<\/div>\n\t\t\t\t<div class=\"elementor-element elementor-element-81d226c pxl-wg-bd-anm-no elementor-widget elementor-widget-pxl_text_editor\" data-id=\"81d226c\" data-element_type=\"widget\" data-e-type=\"widget\" data-widget_type=\"pxl_text_editor.default\">\n\t\t\t\t<div class=\"elementor-widget-container\">\n\t\t\t\t\t<div id=\"pxl_text_editor-81d226c-4250\" class=\"pxl-text-editor-wrap d-flex\" >\n\t<div class=\"pxl-text-editor elementor-clearfix\">\n\t\tGeleneksel perakende d\u00fczenlerinin aksine, butik tasar\u0131mda genellikle ak\u0131c\u0131 ve esnek mek\u00e2nsal d\u00fczenlemeler kullan\u0131l\u0131r. A\u00e7\u0131k yollar, m\u00fc\u015fterileri \u00f6zg\u00fcrce hareket etmeye ve alan\u0131 kendi h\u0131zlar\u0131nda ke\u015ffetmeye te\u015fvik eder.\n\nKat\u0131 \u00fcr\u00fcn b\u00f6lgeleri yerine butik d\u00fczenler, hareketi do\u011fal bir \u015fekilde y\u00f6nlendirmek i\u00e7in g\u00f6rsel ipu\u00e7lar\u0131na ve odak noktalar\u0131na dayan\u0131r. Bu ke\u015fif duygusu, kat\u0131l\u0131m\u0131 art\u0131r\u0131r ve her ziyaretin benzersiz hissettirmesini sa\u011flar.\t\t\n\t<\/div>\n<\/div>\t\t\t\t<\/div>\n\t\t\t\t<\/div>\n\t\t\t\t<div class=\"elementor-element elementor-element-d211b3a pxl-wg-bd-anm-no elementor-widget elementor-widget-pxl_text_editor\" data-id=\"d211b3a\" data-element_type=\"widget\" data-e-type=\"widget\" data-widget_type=\"pxl_text_editor.default\">\n\t\t\t\t<div class=\"elementor-widget-container\">\n\t\t\t\t\t<div id=\"pxl_text_editor-d211b3a-5101\" class=\"pxl-text-editor-wrap d-flex\" >\n\t<div class=\"pxl-text-editor elementor-clearfix\">\n\t\t<h5>K\u00fcrat\u00f6rl\u00fc \u00dcr\u00fcn Sunumu<\/h5>\t\t\n\t<\/div>\n<\/div>\t\t\t\t<\/div>\n\t\t\t\t<\/div>\n\t\t\t\t<div class=\"elementor-element elementor-element-f5b01ee pxl-wg-bd-anm-no elementor-widget elementor-widget-pxl_text_editor\" data-id=\"f5b01ee\" data-element_type=\"widget\" data-e-type=\"widget\" data-widget_type=\"pxl_text_editor.default\">\n\t\t\t\t<div class=\"elementor-widget-container\">\n\t\t\t\t\t<div id=\"pxl_text_editor-f5b01ee-9969\" class=\"pxl-text-editor-wrap d-flex\" >\n\t<div class=\"pxl-text-editor elementor-clearfix\">\n\t\tButik tasar\u0131mda \u00fcr\u00fcn sunumu bir sanat formu olarak ele al\u0131n\u0131r. \u00dcr\u00fcnler se\u00e7ilerek sergilenir ve her bir \u00fcr\u00fcn\u00fcn \u00f6ne \u00e7\u0131kmas\u0131na olanak tan\u0131n\u0131r. Bu derli toplu yakla\u015f\u0131m g\u00f6rsel karma\u015fay\u0131 azalt\u0131r ve dikkati daha etkili bir \u015fekilde y\u00f6nlendirir.\n\nButik tasar\u0131m, daha az \u00fcr\u00fcn\u00fc daha b\u00fcy\u00fck bir niyetle sunarak al\u0131\u015fveri\u015f deneyimini y\u00fckseltir ve alg\u0131lanan ayr\u0131cal\u0131\u011f\u0131 art\u0131r\u0131r.\t\t\n\t<\/div>\n<\/div>\t\t\t\t<\/div>\n\t\t\t\t<\/div>\n\t\t\t\t<div class=\"elementor-element elementor-element-d6b0a31 pxl-wg-bd-anm-no elementor-widget elementor-widget-pxl_text_editor\" data-id=\"d6b0a31\" data-element_type=\"widget\" data-e-type=\"widget\" data-widget_type=\"pxl_text_editor.default\">\n\t\t\t\t<div class=\"elementor-widget-container\">\n\t\t\t\t\t<div id=\"pxl_text_editor-d6b0a31-7414\" class=\"pxl-text-editor-wrap d-flex\" >\n\t<div class=\"pxl-text-editor elementor-clearfix\">\n\t\t<h5>Bir Deneyim Arac\u0131 Olarak Ayd\u0131nlatma<\/h5>\t\t\n\t<\/div>\n<\/div>\t\t\t\t<\/div>\n\t\t\t\t<\/div>\n\t\t\t\t<div class=\"elementor-element elementor-element-08d5ded pxl-wg-bd-anm-no elementor-widget elementor-widget-pxl_text_editor\" data-id=\"08d5ded\" data-element_type=\"widget\" data-e-type=\"widget\" data-widget_type=\"pxl_text_editor.default\">\n\t\t\t\t<div class=\"elementor-widget-container\">\n\t\t\t\t\t<div id=\"pxl_text_editor-08d5ded-6102\" class=\"pxl-text-editor-wrap d-flex\" >\n\t<div class=\"pxl-text-editor elementor-clearfix\">\n\t\tAyd\u0131nlatma butik tasar\u0131mda kritik bir rol oynar. Yumu\u015fak ve dengeli ayd\u0131nlatma samimiyet yarat\u0131rken, odaklanm\u0131\u015f ayd\u0131nlatma dokular\u0131 ve detaylar\u0131 vurgular. I\u015f\u0131k sadece g\u00f6r\u00fcn\u00fcrl\u00fck i\u00e7in de\u011fil, ayn\u0131 zamanda duygu ve atmosferi \u015fekillendirmek i\u00e7in de kullan\u0131l\u0131r.\n\nD\u00fc\u015f\u00fcnceli ayd\u0131nlatma tasar\u0131m\u0131, ma\u011faza i\u00e7indeki b\u00f6lgelerin tan\u0131mlanmas\u0131na yard\u0131mc\u0131 olur ve mekan\u0131n genel anlat\u0131m\u0131n\u0131 destekler.\t\t\n\t<\/div>\n<\/div>\t\t\t\t<\/div>\n\t\t\t\t<\/div>\n\t\t\t\t<div class=\"elementor-element elementor-element-e2a76a2 pxl-wg-bd-anm-no elementor-widget elementor-widget-pxl_heading\" data-id=\"e2a76a2\" data-element_type=\"widget\" data-e-type=\"widget\" data-widget_type=\"pxl_heading.default\">\n\t\t\t\t<div class=\"elementor-widget-container\">\n\t\t\t\t\t<div class=\"pxl-heading-wrap d-flex\">\n    <div class=\"pxl-heading-inner\">\n                <h3 class=\"heading-title\">\n            Butik Tasar\u0131m ve M\u00fc\u015fteri Psikolojisi        <\/h3>\n            <\/div>\n<\/div>\n\n\t\t\t\t<\/div>\n\t\t\t\t<\/div>\n\t\t\t\t<div class=\"elementor-element elementor-element-fd7b662 pxl-wg-bd-anm-no elementor-widget elementor-widget-pxl_text_editor\" data-id=\"fd7b662\" data-element_type=\"widget\" data-e-type=\"widget\" data-widget_type=\"pxl_text_editor.default\">\n\t\t\t\t<div class=\"elementor-widget-container\">\n\t\t\t\t\t<div id=\"pxl_text_editor-fd7b662-1313\" class=\"pxl-text-editor-wrap d-flex\" >\n\t<div class=\"pxl-text-editor elementor-clearfix\">\n\t\tButik tasar\u0131m\u0131, m\u00fc\u015fterilerin bir ma\u011faza i\u00e7inde nas\u0131l hissettikleri ve davrand\u0131klar\u0131 \u00fczerinde do\u011frudan bir etkiye sahiptir. Sakin ve dengeli ortamlar daha yava\u015f gezinmeyi ve daha derin etkile\u015fimi te\u015fvik eder. M\u00fc\u015fteriler kendilerini rahat hissettiklerinde, markayla duygusal ba\u011f kurma olas\u0131l\u0131klar\u0131 daha y\u00fcksektir.\n\nBu duygusal ba\u011f genellikle daha g\u00fc\u00e7l\u00fc marka hat\u0131rlanabilirli\u011fine ve uzun vadeli sadakate yol a\u00e7ar. Butik tasar\u0131m bir aidiyet duygusu yaratarak m\u00fc\u015fterilerin mekan\u0131n kendileri i\u00e7in \u00f6zel olarak tasarland\u0131\u011f\u0131n\u0131 hissetmelerini sa\u011flar.\t\t\n\t<\/div>\n<\/div>\t\t\t\t<\/div>\n\t\t\t\t<\/div>\n\t\t\t\t<div class=\"elementor-element elementor-element-fbf8a1c pxl-wg-bd-anm-no elementor-widget elementor-widget-pxl_heading\" data-id=\"fbf8a1c\" data-element_type=\"widget\" data-e-type=\"widget\" data-widget_type=\"pxl_heading.default\">\n\t\t\t\t<div class=\"elementor-widget-container\">\n\t\t\t\t\t<div class=\"pxl-heading-wrap d-flex\">\n    <div class=\"pxl-heading-inner\">\n                <h3 class=\"heading-title\">\n            Butik Tasar\u0131mda S\u00fcrd\u00fcr\u00fclebilirlik        <\/h3>\n            <\/div>\n<\/div>\n\n\t\t\t\t<\/div>\n\t\t\t\t<\/div>\n\t\t\t\t<div class=\"elementor-element elementor-element-9f25333 pxl-wg-bd-anm-no elementor-widget elementor-widget-pxl_text_editor\" data-id=\"9f25333\" data-element_type=\"widget\" data-e-type=\"widget\" data-widget_type=\"pxl_text_editor.default\">\n\t\t\t\t<div class=\"elementor-widget-container\">\n\t\t\t\t\t<div id=\"pxl_text_editor-9f25333-4468\" class=\"pxl-text-editor-wrap d-flex\" >\n\t<div class=\"pxl-text-editor elementor-clearfix\">\n\t\t<p>S\u00fcrd\u00fcr\u00fclebilirlik, butik tasar\u0131m felsefesiyle do\u011fal bir uyum i\u00e7indedir. Butik mekanlar k\u0131sa vadeli trendler yerine genellikle zamans\u0131z tasar\u0131ma ve dayan\u0131kl\u0131 malzemelere odaklan\u0131r. Bu yakla\u015f\u0131m, s\u0131k yenileme ihtiyac\u0131n\u0131 azalt\u0131r ve \u00e7evresel etkiyi en aza indirir.<\/p><p>S\u00fcrd\u00fcr\u00fclebilir butik tasar\u0131m\u0131 \u015funlar\u0131 i\u00e7erebilir<\/p><ul><li>Uzun \u00f6m\u00fcrl\u00fc malzemeler<\/li><li>Enerji verimli ayd\u0131nlatma<\/li><li>Mod\u00fcler mobilya sistemleri<\/li><li>Sorumlu kaynak kullan\u0131m\u0131<\/li><\/ul><p>Bu tercihler hem \u00e7evresel sorumlulu\u011fu hem de uzun vadeli operasyonel verimlili\u011fi desteklemektedir.<\/p>\t\t\n\t<\/div>\n<\/div>\t\t\t\t<\/div>\n\t\t\t\t<\/div>\n\t\t\t\t<div class=\"elementor-element elementor-element-9303ffe pxl-wg-bd-anm-no elementor-widget elementor-widget-pxl_heading\" data-id=\"9303ffe\" data-element_type=\"widget\" data-e-type=\"widget\" data-widget_type=\"pxl_heading.default\">\n\t\t\t\t<div class=\"elementor-widget-container\">\n\t\t\t\t\t<div class=\"pxl-heading-wrap d-flex\">\n    <div class=\"pxl-heading-inner\">\n                <h3 class=\"heading-title\">\n            Butik Tasar\u0131m\u0131nda Teknolojinin Rol\u00fc        <\/h3>\n            <\/div>\n<\/div>\n\n\t\t\t\t<\/div>\n\t\t\t\t<\/div>\n\t\t\t\t<div class=\"elementor-element elementor-element-9639673 pxl-wg-bd-anm-no elementor-widget elementor-widget-pxl_text_editor\" data-id=\"9639673\" data-element_type=\"widget\" data-e-type=\"widget\" data-widget_type=\"pxl_text_editor.default\">\n\t\t\t\t<div class=\"elementor-widget-container\">\n\t\t\t\t\t<div id=\"pxl_text_editor-9639673-1902\" class=\"pxl-text-editor-wrap d-flex\" >\n\t<div class=\"pxl-text-editor elementor-clearfix\">\n\t\tButik tasar\u0131m zanaatk\u00e2rl\u0131\u011fa ve \u00f6zg\u00fcnl\u00fc\u011fe de\u011fer verirken, teknoloji de dikkatli kullan\u0131ld\u0131\u011f\u0131nda deneyimi zenginle\u015ftirebilir. \u0130nteraktif ekranlar veya ak\u0131ll\u0131 ayd\u0131nlatma gibi dijital unsurlar, mekan\u0131 bo\u011fmadan hikaye anlat\u0131m\u0131n\u0131 destekleyebilir.\n\nAnahtar, dengedir. Teknoloji, butik ortam\u0131n samimi do\u011fas\u0131n\u0131 koruyarak tasar\u0131ma h\u00fckmetmek yerine ona hizmet etmelidir.\t\t\n\t<\/div>\n<\/div>\t\t\t\t<\/div>\n\t\t\t\t<\/div>\n\t\t\t\t<div class=\"elementor-element elementor-element-6eaddcd pxl-wg-bd-anm-no elementor-widget elementor-widget-pxl_heading\" data-id=\"6eaddcd\" data-element_type=\"widget\" data-e-type=\"widget\" data-widget_type=\"pxl_heading.default\">\n\t\t\t\t<div class=\"elementor-widget-container\">\n\t\t\t\t\t<div class=\"pxl-heading-wrap d-flex\">\n    <div class=\"pxl-heading-inner\">\n                <h3 class=\"heading-title\">\n            Butik Tasar\u0131m\u0131n Gelece\u011fi        <\/h3>\n            <\/div>\n<\/div>\n\n\t\t\t\t<\/div>\n\t\t\t\t<\/div>\n\t\t\t\t<div class=\"elementor-element elementor-element-02277bf pxl-wg-bd-anm-no elementor-widget elementor-widget-pxl_text_editor\" data-id=\"02277bf\" data-element_type=\"widget\" data-e-type=\"widget\" data-widget_type=\"pxl_text_editor.default\">\n\t\t\t\t<div class=\"elementor-widget-container\">\n\t\t\t\t\t<div id=\"pxl_text_editor-02277bf-9589\" class=\"pxl-text-editor-wrap d-flex\" >\n\t<div class=\"pxl-text-editor elementor-clearfix\">\n\t\t<p>Perakende geli\u015fmeye devam ettik\u00e7e, <strong><em><a href=\"https:\/\/ontoretail.com\/tr\/proje-2\/butik\/\">butik<\/a><\/em><\/strong> tasar\u0131m daha da \u00f6nemli hale gelecektir. T\u00fcketiciler ki\u015fiselle\u015ftirilmi\u015f deneyimlere ve anlaml\u0131 ortamlara giderek daha fazla de\u011fer veriyor. Butik tasar\u0131m bu de\u011fi\u015fime, k\u00fcrat\u00f6rl\u00fc, etkileyici ve duygusal olarak ilgi \u00e7ekici hissettiren alanlar sunarak yan\u0131t veriyor.<\/p><p>Gelece\u011fin butik mekanlar\u0131, markalar ve m\u00fc\u015fteriler aras\u0131nda daha derin ba\u011flant\u0131lar yaratmak i\u00e7in s\u00fcrd\u00fcr\u00fclebilirlik, zanaatkarl\u0131k ve ince teknolojiyi harmanlamaya devam edecek.<\/p>\t\t\n\t<\/div>\n<\/div>\t\t\t\t<\/div>\n\t\t\t\t<\/div>\n\t\t\t\t<div class=\"elementor-element elementor-element-e8e39d0 pxl-wg-bd-anm-no elementor-widget elementor-widget-pxl_heading\" data-id=\"e8e39d0\" data-element_type=\"widget\" data-e-type=\"widget\" data-widget_type=\"pxl_heading.default\">\n\t\t\t\t<div class=\"elementor-widget-container\">\n\t\t\t\t\t<div class=\"pxl-heading-wrap d-flex\">\n    <div class=\"pxl-heading-inner\">\n                <h3 class=\"heading-title\">\n            Stratejik Bir Tercih Olarak Butik Tasar\u0131m        <\/h3>\n            <\/div>\n<\/div>\n\n\t\t\t\t<\/div>\n\t\t\t\t<\/div>\n\t\t\t\t<div class=\"elementor-element elementor-element-4453795 pxl-wg-bd-anm-no elementor-widget elementor-widget-pxl_text_editor\" data-id=\"4453795\" data-element_type=\"widget\" data-e-type=\"widget\" data-widget_type=\"pxl_text_editor.default\">\n\t\t\t\t<div class=\"elementor-widget-container\">\n\t\t\t\t\t<div id=\"pxl_text_editor-4453795-2675\" class=\"pxl-text-editor-wrap d-flex\" >\n\t<div class=\"pxl-text-editor elementor-clearfix\">\n\t\tSonu\u00e7 olarak, butik tasar\u0131m estetik bir tercihten daha fazlas\u0131d\u0131r. Deneyimi \u00f6n plana \u00e7\u0131karan stratejik bir perakende yakla\u015f\u0131m\u0131d\u0131r. Detaylara, atmosfere ve \u00f6zg\u00fcnl\u00fc\u011fe odaklanan butik tasar\u0131m, ma\u011fazalar\u0131 i\u015flem noktalar\u0131ndan ziyade destinasyonlara d\u00f6n\u00fc\u015ft\u00fcr\u00fcyor.\n\n\u00d6zenle tasarlanm\u0131\u015f bir butik, kal\u0131c\u0131 bir izlenim b\u0131rakarak m\u00fc\u015fterileri yaln\u0131zca al\u0131\u015fveri\u015f yapmaya de\u011fil, geri d\u00f6nmeye de davet eder.\t\t\n\t<\/div>\n<\/div>\t\t\t\t<\/div>\n\t\t\t\t<\/div>\n\t\t            <\/div>\r\n        <\/div>\r\n        \t\t\t<\/div>\n\t\t<\/section>\n\t\t\t\t<\/div>","protected":false},"excerpt":{"rendered":"<p>Boutique Design Creating Character Driven Retail Experiences In an increasingly competitive retail world, customers no longer visit stores only to purchase products. They seek inspiration, emotion and connection. This shift has placed boutique design at the center of modern retail strategy. Boutique design transforms small and medium sized retail spaces into meaningful environments where identity, [&hellip;]<\/p>\n","protected":false},"author":1,"featured_media":13223,"comment_status":"closed","ping_status":"closed","sticky":false,"template":"elementor_header_footer","format":"standard","meta":{"footnotes":""},"categories":[5],"tags":[],"class_list":["post-13217","post","type-post","status-publish","format-standard","has-post-thumbnail","hentry","category-blog"],"_links":{"self":[{"href":"https:\/\/ontoretail.com\/tr\/wp-json\/wp\/v2\/posts\/13217","targetHints":{"allow":["GET"]}}],"collection":[{"href":"https:\/\/ontoretail.com\/tr\/wp-json\/wp\/v2\/posts"}],"about":[{"href":"https:\/\/ontoretail.com\/tr\/wp-json\/wp\/v2\/types\/post"}],"author":[{"embeddable":true,"href":"https:\/\/ontoretail.com\/tr\/wp-json\/wp\/v2\/users\/1"}],"replies":[{"embeddable":true,"href":"https:\/\/ontoretail.com\/tr\/wp-json\/wp\/v2\/comments?post=13217"}],"version-history":[{"count":0,"href":"https:\/\/ontoretail.com\/tr\/wp-json\/wp\/v2\/posts\/13217\/revisions"}],"wp:featuredmedia":[{"embeddable":true,"href":"https:\/\/ontoretail.com\/tr\/wp-json\/wp\/v2\/media\/13223"}],"wp:attachment":[{"href":"https:\/\/ontoretail.com\/tr\/wp-json\/wp\/v2\/media?parent=13217"}],"wp:term":[{"taxonomy":"category","embeddable":true,"href":"https:\/\/ontoretail.com\/tr\/wp-json\/wp\/v2\/categories?post=13217"},{"taxonomy":"post_tag","embeddable":true,"href":"https:\/\/ontoretail.com\/tr\/wp-json\/wp\/v2\/tags?post=13217"}],"curies":[{"name":"wp","href":"https:\/\/api.w.org\/{rel}","templated":true}]}}