{"id":13248,"date":"2026-02-10T08:17:03","date_gmt":"2026-02-10T08:17:03","guid":{"rendered":"https:\/\/ontoretail.com\/?p=13248"},"modified":"2026-04-08T07:35:23","modified_gmt":"2026-04-08T07:35:23","slug":"guclu-magaza-i%cc%87ci%cc%87-deneyi%cc%87mler-i%cc%87ci%cc%87n-perakende-magaza-tasarimi","status":"publish","type":"post","link":"https:\/\/ontoretail.com\/tr\/retail-store-design-for-strong-in-store-experiences\/","title":{"rendered":"G\u00fc\u00e7l\u00fc Ma\u011faza \u0130\u00e7i Deneyimler i\u00e7in Perakende Ma\u011faza Tasar\u0131m\u0131"},"content":{"rendered":"<div data-elementor-type=\"wp-post\" data-elementor-id=\"13248\" class=\"elementor elementor-13248\" data-elementor-post-type=\"post\">\n\t\t\t\t        <section class=\"elementor-section elementor-top-section elementor-element elementor-element-d7109e2 elementor-section-boxed elementor-section-height-default elementor-section-height-default pxl-section-line-left-no pxl-section-line-right-no pxl-section-static-pos-no pxl-section-overflow-hidden-no\" data-id=\"d7109e2\" data-element_type=\"section\" data-e-type=\"section\">\n\n                \n                <div class=\"elementor-container elementor-column-gap-default\">\n                <div class=\"elementor-column elementor-col-100 elementor-top-column elementor-element elementor-element-2f11a9f pxl-column-element-default pxl-column-overflow-hidden-no\" data-id=\"2f11a9f\" data-element_type=\"column\" data-e-type=\"column\">\r\n        <div class=\"elementor-widget-wrap elementor-element-populated\">\r\n                     \r\n        \t\t<div class=\"elementor-element elementor-element-fa8cc84 pxl-wg-bd-anm-no elementor-widget elementor-widget-heading\" data-id=\"fa8cc84\" data-element_type=\"widget\" data-e-type=\"widget\" data-widget_type=\"heading.default\">\n\t\t\t\t<div class=\"elementor-widget-container\">\n\t\t\t\t\t<h1 class=\"elementor-heading-title elementor-size-default\">G\u00fc\u00e7l\u00fc Ma\u011faza \u0130\u00e7i Deneyimler i\u00e7in Perakende Ma\u011faza Tasar\u0131m\u0131<\/h1>\t\t\t\t<\/div>\n\t\t\t\t<\/div>\n\t\t\t\t<div class=\"elementor-element elementor-element-f843e1a elementor-widget__width-initial pxl-wg-bd-anm-no elementor-widget elementor-widget-pxl_text_editor\" data-id=\"f843e1a\" data-element_type=\"widget\" data-e-type=\"widget\" data-widget_type=\"pxl_text_editor.default\">\n\t\t\t\t<div class=\"elementor-widget-container\">\n\t\t\t\t\t<div id=\"pxl_text_editor-f843e1a-9964\" class=\"pxl-text-editor-wrap d-flex\" >\n\t<div class=\"pxl-text-editor elementor-clearfix\">\n\t\t<p>Perakende sekt\u00f6r\u00fcndeki rekabet yo\u011funla\u015fmaya devam ederken, fiziksel ma\u011fazalar basit sat\u0131\u015f noktalar\u0131n\u0131n \u00f6tesine ge\u00e7erek bir markan\u0131n kimli\u011fini, de\u011ferlerini ve vizyonunu yans\u0131tan deneyim odakl\u0131 alanlar haline geldi. Bu d\u00f6n\u00fc\u015f\u00fcmde, <strong>perakende ma\u011faza tasar\u0131m\u0131<\/strong> m\u00fc\u015fteri alg\u0131s\u0131n\u0131 \u015fekillendiren ve sat\u0131\u015f performans\u0131n\u0131 do\u011frudan etkileyen en kritik fakt\u00f6rlerden biri olarak ortaya \u00e7\u0131km\u0131\u015ft\u0131r. \u0130yi tasarlanm\u0131\u015f bir ma\u011faza, ma\u011fazada kalma s\u00fcresini art\u0131r\u0131r, \u00fcr\u00fcn etkile\u015fimini g\u00fc\u00e7lendirir ve sat\u0131n alma kararlar\u0131n\u0131 olumlu y\u00f6nde etkiler.<\/p><div><p>Perakende ma\u011faza tasar\u0131m\u0131, estetik kadar i\u015flevselli\u011fe de \u00f6ncelik veren b\u00fct\u00fcnsel bir yakla\u015f\u0131m\u0131 temsil eder. Mek\u00e2nsal planlama, m\u00fc\u015fteri ak\u0131\u015f\u0131, ayd\u0131nlatma, malzeme se\u00e7imi ve \u00fcr\u00fcn sunumu gibi \u00e7ok say\u0131da unsurun dikkatli bir \u015fekilde koordine edilmesini gerektirir. Ba\u015far\u0131l\u0131 bir perakende alan\u0131 g\u00f6rsel olarak ilgi \u00e7ekici olmal\u0131 ve ayn\u0131 zamanda operasyonel verimlili\u011fi desteklemelidir.<\/p><\/div>\t\t\n\t<\/div>\n<\/div>\t\t\t\t<\/div>\n\t\t\t\t<\/div>\n\t\t            <\/div>\r\n        <\/div>\r\n        \t\t\t<\/div>\n\t\t<\/section>\n\t\t        <section class=\"elementor-section elementor-top-section elementor-element elementor-element-210f371 elementor-section-boxed elementor-section-height-default elementor-section-height-default pxl-section-line-left-no pxl-section-line-right-no pxl-section-static-pos-no pxl-section-overflow-hidden-no\" data-id=\"210f371\" data-element_type=\"section\" data-e-type=\"section\">\n\n                \n                <div class=\"elementor-container elementor-column-gap-default\">\n                <div class=\"elementor-column elementor-col-50 elementor-top-column elementor-element elementor-element-6e90e6b pxl-column-element-default pxl-column-overflow-hidden-no\" data-id=\"6e90e6b\" data-element_type=\"column\" data-e-type=\"column\">\r\n        <div class=\"elementor-widget-wrap elementor-element-populated\">\r\n                     \r\n        \t\t<div class=\"elementor-element elementor-element-f4c1a54 pxl-wg-bd-anm-no elementor-widget elementor-widget-pxl_image\" data-id=\"f4c1a54\" data-element_type=\"widget\" data-e-type=\"widget\" data-widget_type=\"pxl_image.default\">\n\t\t\t\t<div class=\"elementor-widget-container\">\n\t\t\t\t\t<div id=\"pxl_image-f4c1a54-1391\" class=\"pxl-image-wg\">\r\n\t\t<img fetchpriority=\"high\" decoding=\"async\" width=\"1536\" height=\"1024\" src=\"https:\/\/ontoretail.com\/wp-content\/uploads\/Retail-Store-Design-for-Strong-In-Store-Experiences_002.webp\" class=\"attachment-full size-full wp-image-13255\" alt=\"\" srcset=\"\" sizes=\"(max-width: 1536px) 100vw, 1536px\" data-srcset=\"\" \/>\t<\/div>\r\n\t\t\t\t<\/div>\n\t\t\t\t<\/div>\n\t\t            <\/div>\r\n        <\/div>\r\n                <div class=\"elementor-column elementor-col-50 elementor-top-column elementor-element elementor-element-4466239 pxl-column-element-default pxl-column-overflow-hidden-no\" data-id=\"4466239\" data-element_type=\"column\" data-e-type=\"column\">\r\n        <div class=\"elementor-widget-wrap elementor-element-populated\">\r\n                     \r\n        \t\t<div class=\"elementor-element elementor-element-2db0175 pxl-wg-bd-anm-no elementor-widget elementor-widget-pxl_heading\" data-id=\"2db0175\" data-element_type=\"widget\" data-e-type=\"widget\" data-widget_type=\"pxl_heading.default\">\n\t\t\t\t<div class=\"elementor-widget-container\">\n\t\t\t\t\t<div class=\"pxl-heading-wrap d-flex\">\n    <div class=\"pxl-heading-inner\">\n                <h2 class=\"heading-title\">\n            M\u00fc\u015fteri Odakl\u0131 Alan Planlamas\u0131        <\/h2>\n            <\/div>\n<\/div>\n\n\t\t\t\t<\/div>\n\t\t\t\t<\/div>\n\t\t\t\t<div class=\"elementor-element elementor-element-e7d74df pxl-wg-bd-anm-no elementor-widget elementor-widget-pxl_text_editor\" data-id=\"e7d74df\" data-element_type=\"widget\" data-e-type=\"widget\" data-widget_type=\"pxl_text_editor.default\">\n\t\t\t\t<div class=\"elementor-widget-container\">\n\t\t\t\t\t<div id=\"pxl_text_editor-e7d74df-8868\" class=\"pxl-text-editor-wrap d-flex\" >\n\t<div class=\"pxl-text-editor elementor-clearfix\">\n\t\t<p>Etkili bir perakende ma\u011faza tasar\u0131m s\u00fcrecinin temelinde, m\u00fc\u015fteri davran\u0131\u015flar\u0131n\u0131n derinlemesine anla\u015f\u0131lmas\u0131 yatar. Ma\u011faza i\u00e7indeki dola\u015f\u0131m alanlar\u0131, m\u00fc\u015fterilerin rahat\u00e7a ve sezgisel olarak hareket etmelerine olanak tan\u0131yacak \u015fekilde planlanmal\u0131d\u0131r. Geni\u015f ve ak\u0131c\u0131 yollar, ziyaret\u00e7ilerin kendilerini k\u0131s\u0131tlanm\u0131\u015f veya zorla y\u00f6nlendirilmi\u015f hissetmeden mekanda do\u011fal bir \u015fekilde gezinmelerini sa\u011flar. A\u00e7\u0131k\u00e7a tan\u0131mlanm\u0131\u015f \u00fcr\u00fcn b\u00f6lgeleri alg\u0131y\u0131 g\u00fc\u00e7lendirir ve al\u0131\u015fveri\u015f yolculu\u011funu kolayla\u015ft\u0131r\u0131r.<\/p><div><p>M\u00fc\u015fteri yolculu\u011funu destekleyen d\u00fczenler, \u00e7apraz sat\u0131\u015f f\u0131rsatlar\u0131n\u0131 art\u0131r\u0131rken \u00f6nemli \u00fcr\u00fcn kategorilerinin vurgulanmas\u0131na da yard\u0131mc\u0131 olur. Bu nedenle perakende ma\u011faza tasar\u0131m\u0131 sadece g\u00f6rsel bir d\u00fczenleme olarak de\u011fil, stratejik bir sat\u0131\u015f arac\u0131 olarak g\u00f6r\u00fclmelidir.<\/p><\/div>\t\t\n\t<\/div>\n<\/div>\t\t\t\t<\/div>\n\t\t\t\t<\/div>\n\t\t            <\/div>\r\n        <\/div>\r\n        \t\t\t<\/div>\n\t\t<\/section>\n\t\t        <section class=\"elementor-section elementor-top-section elementor-element elementor-element-692c283 elementor-section-boxed elementor-section-height-default elementor-section-height-default pxl-section-line-left-no pxl-section-line-right-no pxl-section-static-pos-no pxl-section-overflow-hidden-no\" data-id=\"692c283\" data-element_type=\"section\" data-e-type=\"section\">\n\n                \n                <div class=\"elementor-container elementor-column-gap-default\">\n                <div class=\"elementor-column elementor-col-100 elementor-top-column elementor-element elementor-element-40c31ea pxl-column-element-default pxl-column-overflow-hidden-no\" data-id=\"40c31ea\" data-element_type=\"column\" data-e-type=\"column\">\r\n        <div class=\"elementor-widget-wrap elementor-element-populated\">\r\n                     \r\n        \t\t<div class=\"elementor-element elementor-element-c62cb92 pxl-wg-bd-anm-no elementor-widget elementor-widget-pxl_heading\" data-id=\"c62cb92\" data-element_type=\"widget\" data-e-type=\"widget\" data-widget_type=\"pxl_heading.default\">\n\t\t\t\t<div class=\"elementor-widget-container\">\n\t\t\t\t\t<div class=\"pxl-heading-wrap d-flex\">\n    <div class=\"pxl-heading-inner\">\n                <h2 class=\"heading-title\">\n            Ayd\u0131nlatma ve Atmosferin G\u00fcc\u00fc        <\/h2>\n            <\/div>\n<\/div>\n\n\t\t\t\t<\/div>\n\t\t\t\t<\/div>\n\t\t\t\t<div class=\"elementor-element elementor-element-45f34d7 elementor-widget__width-initial pxl-wg-bd-anm-no elementor-widget elementor-widget-pxl_text_editor\" data-id=\"45f34d7\" data-element_type=\"widget\" data-e-type=\"widget\" data-widget_type=\"pxl_text_editor.default\">\n\t\t\t\t<div class=\"elementor-widget-container\">\n\t\t\t\t\t<div id=\"pxl_text_editor-45f34d7-4629\" class=\"pxl-text-editor-wrap d-flex\" >\n\t<div class=\"pxl-text-editor elementor-clearfix\">\n\t\t<p>Ayd\u0131nlatma, s\u00f6z konusu atmosferi tan\u0131mlamak oldu\u011funda perakende ma\u011faza tasar\u0131m\u0131n\u0131n en etkili bile\u015fenlerinden biridir. Do\u011fru ayd\u0131nlatma, ma\u011fazan\u0131n genel alg\u0131s\u0131n\u0131 \u015fekillendirirken \u00fcr\u00fcn g\u00f6r\u00fcn\u00fcrl\u00fc\u011f\u00fcn\u00fc de art\u0131r\u0131r. S\u0131cak ve so\u011fuk ayd\u0131nlatma aras\u0131ndaki denge, hedef kitleye ve marka konumland\u0131rmas\u0131na g\u00f6re dikkatlice planlanmal\u0131d\u0131r.<\/p><div><p>Vurgu ayd\u0131nlatmas\u0131 belirli \u00fcr\u00fcnlere dikkat \u00e7ekerken, genel ayd\u0131nlatma m\u00fc\u015fterinin rahat etmesini sa\u011flar. \u0130yi tasarlanm\u0131\u015f bir ayd\u0131nlatma stratejisi, daha a\u00e7\u0131k, davetkar ve profesyonel hissettiren bir ma\u011fazaya katk\u0131da bulunur.<\/p><\/div>\t\t\n\t<\/div>\n<\/div>\t\t\t\t<\/div>\n\t\t\t\t<\/div>\n\t\t\t\t<div class=\"elementor-element elementor-element-633a803 pxl-wg-bd-anm-no elementor-widget elementor-widget-pxl_heading\" data-id=\"633a803\" data-element_type=\"widget\" data-e-type=\"widget\" data-widget_type=\"pxl_heading.default\">\n\t\t\t\t<div class=\"elementor-widget-container\">\n\t\t\t\t\t<div class=\"pxl-heading-wrap d-flex\">\n    <div class=\"pxl-heading-inner\">\n                <h2 class=\"heading-title\">\n            Malzeme Se\u00e7imi ve \u00dcretim Kalitesi        <\/h2>\n            <\/div>\n<\/div>\n\n\t\t\t\t<\/div>\n\t\t\t\t<\/div>\n\t\t\t\t<div class=\"elementor-element elementor-element-364e524 pxl-wg-bd-anm-no elementor-widget elementor-widget-pxl_text_editor\" data-id=\"364e524\" data-element_type=\"widget\" data-e-type=\"widget\" data-widget_type=\"pxl_text_editor.default\">\n\t\t\t\t<div class=\"elementor-widget-container\">\n\t\t\t\t\t<div id=\"pxl_text_editor-364e524-2763\" class=\"pxl-text-editor-wrap d-flex\" >\n\t<div class=\"pxl-text-editor elementor-clearfix\">\n\t\t<p>Perakende ma\u011faza tasar\u0131m\u0131nda kullan\u0131lan malzemeler, bir markan\u0131n alg\u0131lanan kalitesini do\u011frudan yans\u0131t\u0131r. Ah\u015fap, metal, cam ve pleksiglas gibi malzemelerin dengeli bir kombinasyonu perakende alanlar\u0131na karakter ve derinlik katar. Dayan\u0131kl\u0131, uzun \u00f6m\u00fcrl\u00fc malzemeler yo\u011fun kullan\u0131ma uygun \u00e7\u00f6z\u00fcmler sunar ve s\u00fcrd\u00fcr\u00fclebilirlik hedeflerini destekler.<\/p><div><p>Tasar\u0131m\u0131n \u00fcretilebilirli\u011fi de ayn\u0131 derecede \u00f6nemlidir. Do\u011fru \u00f6l\u00e7\u00fcmler ve net detayland\u0131rma ile sahada sorunsuz bir \u015fekilde uygulanabilen tasar\u0131mlar, zaman kayb\u0131n\u0131 ve maliyet a\u015f\u0131mlar\u0131n\u0131 \u00f6nlemeye yard\u0131mc\u0131 olur. Bu nedenle, perakende ma\u011faza tasar\u0131m\u0131, tasar\u0131m amac\u0131 ile \u00fcretim uygulamas\u0131 aras\u0131nda g\u00fc\u00e7l\u00fc bir uyum gerektirir.<\/p><\/div>\t\t\n\t<\/div>\n<\/div>\t\t\t\t<\/div>\n\t\t\t\t<\/div>\n\t\t\t\t<div class=\"elementor-element elementor-element-2b892ae pxl-wg-bd-anm-no elementor-widget elementor-widget-pxl_heading\" data-id=\"2b892ae\" data-element_type=\"widget\" data-e-type=\"widget\" data-widget_type=\"pxl_heading.default\">\n\t\t\t\t<div class=\"elementor-widget-container\">\n\t\t\t\t\t<div class=\"pxl-heading-wrap d-flex\">\n    <div class=\"pxl-heading-inner\">\n                <h3 class=\"heading-title\">\n            Entegre S\u00fcre\u00e7 Y\u00f6netimi        <\/h3>\n            <\/div>\n<\/div>\n\n\t\t\t\t<\/div>\n\t\t\t\t<\/div>\n\t\t\t\t<div class=\"elementor-element elementor-element-9759c23 pxl-wg-bd-anm-no elementor-widget elementor-widget-pxl_text_editor\" data-id=\"9759c23\" data-element_type=\"widget\" data-e-type=\"widget\" data-widget_type=\"pxl_text_editor.default\">\n\t\t\t\t<div class=\"elementor-widget-container\">\n\t\t\t\t\t<div id=\"pxl_text_editor-9759c23-6453\" class=\"pxl-text-editor-wrap d-flex\" >\n\t<div class=\"pxl-text-editor elementor-clearfix\">\n\t\t<p>Etkili bir perakende ma\u011faza tasar\u0131m projesi yaln\u0131zca tasar\u0131m a\u015famas\u0131yla bitmez. Proje planlama, \u00fcretim, lojistik, kurulum ve sat\u0131\u015f sonras\u0131 destek a\u015famalar\u0131n\u0131n hepsi tek ve entegre bir s\u00fcrecin par\u00e7alar\u0131 olarak ele al\u0131nmal\u0131d\u0131r. Bu a\u015famalar\u0131n koordineli bir \u015fekilde y\u00f6netilmesi, ma\u011faza projelerinin zaman\u0131nda ve istenen kalite d\u00fczeyinde tamamlanmas\u0131n\u0131 sa\u011flar.<\/p><div><p>Entegre s\u00fcre\u00e7 y\u00f6netimi, perakende markalar\u0131 i\u00e7in zamandan tasarruf sa\u011flarken tutarl\u0131 kalite standartlar\u0131n\u0131 da korur. Bu yakla\u015f\u0131m \u00f6zellikle \u00e7ok lokasyonlu ma\u011faza projeleri i\u00e7in avantajl\u0131d\u0131r.<\/p><\/div>\t\t\n\t<\/div>\n<\/div>\t\t\t\t<\/div>\n\t\t\t\t<\/div>\n\t\t\t\t<div class=\"elementor-element elementor-element-c1a17cb pxl-wg-bd-anm-no elementor-widget elementor-widget-pxl_heading\" data-id=\"c1a17cb\" data-element_type=\"widget\" data-e-type=\"widget\" data-widget_type=\"pxl_heading.default\">\n\t\t\t\t<div class=\"elementor-widget-container\">\n\t\t\t\t\t<div class=\"pxl-heading-wrap d-flex\">\n    <div class=\"pxl-heading-inner\">\n                <h3 class=\"heading-title\">\n            S\u00fcrd\u00fcr\u00fclebilir ve Gelece\u011fe Haz\u0131r Ma\u011fazalar        <\/h3>\n            <\/div>\n<\/div>\n\n\t\t\t\t<\/div>\n\t\t\t\t<\/div>\n\t\t\t\t<div class=\"elementor-element elementor-element-aa01370 pxl-wg-bd-anm-no elementor-widget elementor-widget-pxl_text_editor\" data-id=\"aa01370\" data-element_type=\"widget\" data-e-type=\"widget\" data-widget_type=\"pxl_text_editor.default\">\n\t\t\t\t<div class=\"elementor-widget-container\">\n\t\t\t\t\t<div id=\"pxl_text_editor-aa01370-2878\" class=\"pxl-text-editor-wrap d-flex\" >\n\t<div class=\"pxl-text-editor elementor-clearfix\">\n\t\t<p>G\u00fcn\u00fcm\u00fczde perakende ma\u011faza tasar\u0131m\u0131 giderek daha fazla s\u00fcrd\u00fcr\u00fclebilirlik ve esneklikle \u015fekillenmektedir. Mod\u00fcler yap\u0131lar, uyarlanabilir te\u015fhir \u00fcniteleri ve yeniden yap\u0131land\u0131r\u0131labilir alanlar, ma\u011fazalar\u0131n mevsimsel kampanyalara ve de\u011fi\u015fen \u00fcr\u00fcn \u00e7e\u015fitlerine kolayca yan\u0131t vermesine olanak tan\u0131yor.<\/p><div><p>Teknolojiyle entegre perakende ortamlar\u0131, performans analizi ve optimizasyonu sa\u011flayan \u00f6l\u00e7\u00fclebilir veriler sa\u011flar. Sonu\u00e7 olarak, ma\u011fazalar yaln\u0131zca bug\u00fcn\u00fcn gereksinimlerini de\u011fil, gelecekteki beklentileri de kar\u015f\u0131layabilen dinamik alanlar haline gelir.<\/p><p>Sonu\u00e7 olarak, perakende ma\u011faza tasar\u0131m\u0131 estetik, i\u015flevsellik, teknoloji ve s\u00fcrd\u00fcr\u00fclebilirli\u011fin dengeli bir \u015fekilde bir araya geldi\u011fi stratejik bir yat\u0131r\u0131md\u0131r. \u0130yi tasarlanm\u0131\u015f perakende alanlar\u0131, g\u00fc\u00e7l\u00fc ve ak\u0131lda kal\u0131c\u0131 m\u00fc\u015fteri deneyimleri sunarken rekabet avantaj\u0131n\u0131 g\u00fc\u00e7lendirir.<\/p><\/div>\t\t\n\t<\/div>\n<\/div>\t\t\t\t<\/div>\n\t\t\t\t<\/div>\n\t\t            <\/div>\r\n        <\/div>\r\n        \t\t\t<\/div>\n\t\t<\/section>\n\t\t\t\t<\/div>","protected":false},"excerpt":{"rendered":"<p>Retail Store Design for Strong In\u2011Store Experiences As competition in the retail sector continues to intensify, physical stores have evolved beyond simple points of sale and become experience\u2011driven spaces that reflect a brand\u2019s identity, values, and vision. In this transformation, retail store design has emerged as one of the most critical factors shaping customer perception [&hellip;]<\/p>\n","protected":false},"author":1,"featured_media":13255,"comment_status":"closed","ping_status":"closed","sticky":false,"template":"elementor_header_footer","format":"standard","meta":{"footnotes":""},"categories":[5],"tags":[],"class_list":["post-13248","post","type-post","status-publish","format-standard","has-post-thumbnail","hentry","category-blog"],"_links":{"self":[{"href":"https:\/\/ontoretail.com\/tr\/wp-json\/wp\/v2\/posts\/13248","targetHints":{"allow":["GET"]}}],"collection":[{"href":"https:\/\/ontoretail.com\/tr\/wp-json\/wp\/v2\/posts"}],"about":[{"href":"https:\/\/ontoretail.com\/tr\/wp-json\/wp\/v2\/types\/post"}],"author":[{"embeddable":true,"href":"https:\/\/ontoretail.com\/tr\/wp-json\/wp\/v2\/users\/1"}],"replies":[{"embeddable":true,"href":"https:\/\/ontoretail.com\/tr\/wp-json\/wp\/v2\/comments?post=13248"}],"version-history":[{"count":0,"href":"https:\/\/ontoretail.com\/tr\/wp-json\/wp\/v2\/posts\/13248\/revisions"}],"wp:featuredmedia":[{"embeddable":true,"href":"https:\/\/ontoretail.com\/tr\/wp-json\/wp\/v2\/media\/13255"}],"wp:attachment":[{"href":"https:\/\/ontoretail.com\/tr\/wp-json\/wp\/v2\/media?parent=13248"}],"wp:term":[{"taxonomy":"category","embeddable":true,"href":"https:\/\/ontoretail.com\/tr\/wp-json\/wp\/v2\/categories?post=13248"},{"taxonomy":"post_tag","embeddable":true,"href":"https:\/\/ontoretail.com\/tr\/wp-json\/wp\/v2\/tags?post=13248"}],"curies":[{"name":"wp","href":"https:\/\/api.w.org\/{rel}","templated":true}]}}