{"id":13260,"date":"2026-03-12T12:41:06","date_gmt":"2026-03-12T12:41:06","guid":{"rendered":"https:\/\/ontoretail.com\/?p=13260"},"modified":"2026-04-14T12:20:42","modified_gmt":"2026-04-14T12:20:42","slug":"butik-magaza-tasarimi-anlamli-ve-ayirt-edici-perakende-deneyimleri-yaratma","status":"publish","type":"post","link":"https:\/\/ontoretail.com\/tr\/boutique-store-design-creating-meaningful-and-distinct-retail-experiences\/","title":{"rendered":"Butik Ma\u011faza Tasar\u0131m\u0131: Anlaml\u0131 ve Farkl\u0131 Perakende Deneyimleri Yaratmak"},"content":{"rendered":"<div data-elementor-type=\"wp-post\" data-elementor-id=\"13260\" class=\"elementor elementor-13260\" data-elementor-post-type=\"post\">\n\t\t\t\t        <section class=\"elementor-section elementor-top-section elementor-element elementor-element-478a743 elementor-section-boxed elementor-section-height-default elementor-section-height-default pxl-section-line-left-no pxl-section-line-right-no pxl-section-static-pos-no pxl-section-overflow-hidden-no\" data-id=\"478a743\" data-element_type=\"section\" data-e-type=\"section\">\n\n                \n                <div class=\"elementor-container elementor-column-gap-default\">\n                <div class=\"elementor-column elementor-col-100 elementor-top-column elementor-element elementor-element-4bb61d0 pxl-column-element-default pxl-column-overflow-hidden-no\" data-id=\"4bb61d0\" data-element_type=\"column\" data-e-type=\"column\">\r\n        <div class=\"elementor-widget-wrap elementor-element-populated\">\r\n                     \r\n        \t\t<div class=\"elementor-element elementor-element-84bbb10 pxl-wg-bd-anm-no elementor-widget elementor-widget-heading\" data-id=\"84bbb10\" data-element_type=\"widget\" data-e-type=\"widget\" data-widget_type=\"heading.default\">\n\t\t\t\t<div class=\"elementor-widget-container\">\n\t\t\t\t\t<h1 class=\"elementor-heading-title elementor-size-default\">Butik Ma\u011faza Tasar\u0131m\u0131: Anlaml\u0131 ve Farkl\u0131 Perakende Deneyimleri Yaratmak<\/h1>\t\t\t\t<\/div>\n\t\t\t\t<\/div>\n\t\t\t\t<div class=\"elementor-element elementor-element-8289437 elementor-widget__width-initial pxl-wg-bd-anm-no elementor-widget elementor-widget-pxl_text_editor\" data-id=\"8289437\" data-element_type=\"widget\" data-e-type=\"widget\" data-widget_type=\"pxl_text_editor.default\">\n\t\t\t\t<div class=\"elementor-widget-container\">\n\t\t\t\t\t<div id=\"pxl_text_editor-8289437-8135\" class=\"pxl-text-editor-wrap d-flex\" >\n\t<div class=\"pxl-text-editor elementor-clearfix\">\n\t\t<p>Giderek artan rekabet\u00e7i perakende ortam\u0131nda t\u00fcketiciler art\u0131k \u00fcr\u00fcn sat\u0131n almak i\u00e7in fiziksel ma\u011fazalar\u0131 ziyaret etmiyor. \u0130lham, duygu ve ba\u011flant\u0131 ar\u0131yorlar. Bu de\u011fi\u015fim, butik ma\u011faza konseptini modern perakende stratejisinin merkezine yerle\u015ftirdi. Standartla\u015ft\u0131r\u0131lm\u0131\u015f perakende formatlar\u0131n\u0131n aksine, butik ma\u011faza bireyselli\u011fe, karaktere ve ki\u015fisel d\u00fczeyde yank\u0131 uyand\u0131ran \u00f6zel deneyimlere odaklan\u0131r.<br \/>Butik bir ma\u011faza boyutla de\u011fil, niyetle tan\u0131mlan\u0131r. Yerle\u015fimden ayd\u0131nlatmaya kadar al\u0131nan her tasar\u0131m karar\u0131 bir amaca hizmet eder. Ama\u00e7 m\u00fcmk\u00fcn oldu\u011funca \u00e7ok \u00fcr\u00fcn sergilemek de\u011fil, alg\u0131lanan de\u011feri art\u0131ran ve duygusal ba\u011f kuran bir \u015fekilde sunmakt\u0131r. Do\u011fru uyguland\u0131\u011f\u0131nda, butik ma\u011faza tasar\u0131m\u0131 perakende alanlar\u0131n\u0131 s\u00fcr\u00fckleyici marka ortamlar\u0131na d\u00f6n\u00fc\u015ft\u00fcr\u00fcr.<\/p>\t\t\n\t<\/div>\n<\/div>\t\t\t\t<\/div>\n\t\t\t\t<\/div>\n\t\t            <\/div>\r\n        <\/div>\r\n        \t\t\t<\/div>\n\t\t<\/section>\n\t\t        <section class=\"elementor-section elementor-top-section elementor-element elementor-element-18b5ff9 elementor-section-boxed elementor-section-height-default elementor-section-height-default pxl-section-line-left-no pxl-section-line-right-no pxl-section-static-pos-no pxl-section-overflow-hidden-no\" data-id=\"18b5ff9\" data-element_type=\"section\" data-e-type=\"section\">\n\n                \n                <div class=\"elementor-container elementor-column-gap-default\">\n                <div class=\"elementor-column elementor-col-50 elementor-top-column elementor-element elementor-element-0a29fe6 pxl-column-element-default pxl-column-overflow-hidden-no\" data-id=\"0a29fe6\" data-element_type=\"column\" data-e-type=\"column\">\r\n        <div class=\"elementor-widget-wrap elementor-element-populated\">\r\n                     \r\n        \t\t<div class=\"elementor-element elementor-element-7c2e128 pxl-wg-bd-anm-no elementor-widget elementor-widget-pxl_image\" data-id=\"7c2e128\" data-element_type=\"widget\" data-e-type=\"widget\" data-widget_type=\"pxl_image.default\">\n\t\t\t\t<div class=\"elementor-widget-container\">\n\t\t\t\t\t<div id=\"pxl_image-7c2e128-6883\" class=\"pxl-image-wg\">\r\n\t\t<img fetchpriority=\"high\" decoding=\"async\" width=\"1536\" height=\"1024\" src=\"https:\/\/ontoretail.com\/wp-content\/uploads\/Boutique-Store-Design_003_11zon.webp\" class=\"attachment-full size-full wp-image-13421\" alt=\"\" srcset=\"https:\/\/ontoretail.com\/wp-content\/uploads\/Boutique-Store-Design_003_11zon.webp 1536w, https:\/\/ontoretail.com\/wp-content\/uploads\/Boutique-Store-Design_003_11zon-768x512.webp 768w, https:\/\/ontoretail.com\/wp-content\/uploads\/Boutique-Store-Design_003_11zon-18x12.webp 18w, https:\/\/ontoretail.com\/wp-content\/uploads\/Boutique-Store-Design_003_11zon-1065x710.webp 1065w\" sizes=\"(max-width: 1536px) 100vw, 1536px\" \/>\t<\/div>\r\n\t\t\t\t<\/div>\n\t\t\t\t<\/div>\n\t\t            <\/div>\r\n        <\/div>\r\n                <div class=\"elementor-column elementor-col-50 elementor-top-column elementor-element elementor-element-01dd6ce pxl-column-element-default pxl-column-overflow-hidden-no\" data-id=\"01dd6ce\" data-element_type=\"column\" data-e-type=\"column\">\r\n        <div class=\"elementor-widget-wrap elementor-element-populated\">\r\n                     \r\n        \t\t<div class=\"elementor-element elementor-element-b4e941a pxl-wg-bd-anm-no elementor-widget elementor-widget-pxl_heading\" data-id=\"b4e941a\" data-element_type=\"widget\" data-e-type=\"widget\" data-widget_type=\"pxl_heading.default\">\n\t\t\t\t<div class=\"elementor-widget-container\">\n\t\t\t\t\t<div class=\"pxl-heading-wrap d-flex\">\n    <div class=\"pxl-heading-inner\">\n                <h2 class=\"heading-title\">\n            Yerle\u015fim ve M\u00fc\u015fteri Ak\u0131\u015f\u0131        <\/h2>\n            <\/div>\n<\/div>\n\n\t\t\t\t<\/div>\n\t\t\t\t<\/div>\n\t\t\t\t<div class=\"elementor-element elementor-element-f1cf557 pxl-wg-bd-anm-no elementor-widget elementor-widget-pxl_text_editor\" data-id=\"f1cf557\" data-element_type=\"widget\" data-e-type=\"widget\" data-widget_type=\"pxl_text_editor.default\">\n\t\t\t\t<div class=\"elementor-widget-container\">\n\t\t\t\t\t<div id=\"pxl_text_editor-f1cf557-1896\" class=\"pxl-text-editor-wrap d-flex\" >\n\t<div class=\"pxl-text-editor elementor-clearfix\">\n\t\tGeleneksel perakende ortamlar\u0131n\u0131n kat\u0131 b\u00f6lgelere dayanmas\u0131n\u0131n aksine, butik ma\u011fazalar genellikle daha ak\u0131c\u0131 bir yerle\u015fim d\u00fczeni benimser. A\u00e7\u0131k yollar, m\u00fc\u015fterileri \u00f6zg\u00fcrce dola\u015fmaya ve \u00fcr\u00fcnleri kendi h\u0131zlar\u0131nda ke\u015ffetmeye te\u015fvik eder. Butik yerle\u015fim planlar\u0131, tabelalarla hareket y\u00f6nlendirmek yerine, do\u011fal olarak ke\u015fif rehberli\u011fi i\u00e7in g\u00f6rsel ipu\u00e7lar\u0131na ve odak noktalar\u0131na dayan\u0131r. Bu yakla\u015f\u0131m, daha uzun ma\u011faza ziyaretlerini ve daha derin etkile\u015fimi destekler. Merkezi sergileme masalar\u0131, \u00f6zenle se\u00e7ilmi\u015f \u00fcr\u00fcn gruplar\u0131 ve esnek vitrinler, alan\u0131n mevsimlik koleksiyonlar veya yeni \u00fcr\u00fcn lansmanlar\u0131yla geli\u015fmesine olanak tan\u0131r. \u0130yi planlanm\u0131\u015f bir butik ma\u011faza yerle\u015fim d\u00fczeni, hem m\u00fc\u015fteri yolculu\u011funu hem de operasyonel verimlili\u011fi art\u0131r\u0131r.\t\t\n\t<\/div>\n<\/div>\t\t\t\t<\/div>\n\t\t\t\t<\/div>\n\t\t            <\/div>\r\n        <\/div>\r\n        \t\t\t<\/div>\n\t\t<\/section>\n\t\t        <section class=\"elementor-section elementor-top-section elementor-element elementor-element-55156f9 elementor-section-boxed elementor-section-height-default elementor-section-height-default pxl-section-line-left-no pxl-section-line-right-no pxl-section-static-pos-no pxl-section-overflow-hidden-no\" data-id=\"55156f9\" data-element_type=\"section\" data-e-type=\"section\">\n\n                \n                <div class=\"elementor-container elementor-column-gap-default\">\n                <div class=\"elementor-column elementor-col-100 elementor-top-column elementor-element elementor-element-459c155 pxl-column-element-default pxl-column-overflow-hidden-no\" data-id=\"459c155\" data-element_type=\"column\" data-e-type=\"column\">\r\n        <div class=\"elementor-widget-wrap elementor-element-populated\">\r\n                     \r\n        \t\t<div class=\"elementor-element elementor-element-803cf0d pxl-wg-bd-anm-no elementor-widget elementor-widget-pxl_heading\" data-id=\"803cf0d\" data-element_type=\"widget\" data-e-type=\"widget\" data-widget_type=\"pxl_heading.default\">\n\t\t\t\t<div class=\"elementor-widget-container\">\n\t\t\t\t\t<div class=\"pxl-heading-wrap d-flex\">\n    <div class=\"pxl-heading-inner\">\n                <h2 class=\"heading-title\">\n            Malzeme Se\u00e7imi ve \u0130\u015f\u00e7ilik        <\/h2>\n            <\/div>\n<\/div>\n\n\t\t\t\t<\/div>\n\t\t\t\t<\/div>\n\t\t\t\t<div class=\"elementor-element elementor-element-18914a4 elementor-widget__width-initial pxl-wg-bd-anm-no elementor-widget elementor-widget-pxl_text_editor\" data-id=\"18914a4\" data-element_type=\"widget\" data-e-type=\"widget\" data-widget_type=\"pxl_text_editor.default\">\n\t\t\t\t<div class=\"elementor-widget-container\">\n\t\t\t\t\t<div id=\"pxl_text_editor-18914a4-2880\" class=\"pxl-text-editor-wrap d-flex\" >\n\t<div class=\"pxl-text-editor elementor-clearfix\">\n\t\tMalzeme kalitesi, butik bir ma\u011fazan\u0131n tan\u0131mlay\u0131c\u0131 bir \u00f6zelli\u011fidir. Ah\u015fap, ta\u015f, cam ve kuma\u015f gibi do\u011fal malzemeler, dokunsal ve g\u00f6rsel zenginlikleri nedeniyle genellikle tercih edilir. Bu malzemeler mekana s\u0131cakl\u0131k, derinlik ve \u00f6zg\u00fcnl\u00fck katarak i\u015f\u00e7ilik ve detaylara verilen \u00f6nemin alt\u0131n\u0131 \u00e7izer.\nY\u00fcksek kaliteli malzemeler dayan\u0131kl\u0131l\u0131\u011fa ve s\u00fcrd\u00fcr\u00fclebilirli\u011fe de katk\u0131da bulunur. Uzun \u00f6m\u00fcrl\u00fc malzemelerle tasarlanm\u0131\u015f bir butik ma\u011faza, bak\u0131m ihtiyac\u0131n\u0131 azalt\u0131rken estetik cazibesini zamanla korur. G\u00fczellik ve pratiklik aras\u0131ndaki bu denge, uzun vadeli marka alg\u0131s\u0131n\u0131 g\u00fc\u00e7lendirir.\t\t\n\t<\/div>\n<\/div>\t\t\t\t<\/div>\n\t\t\t\t<\/div>\n\t\t\t\t<div class=\"elementor-element elementor-element-ce511dc pxl-wg-bd-anm-no elementor-widget elementor-widget-pxl_heading\" data-id=\"ce511dc\" data-element_type=\"widget\" data-e-type=\"widget\" data-widget_type=\"pxl_heading.default\">\n\t\t\t\t<div class=\"elementor-widget-container\">\n\t\t\t\t\t<div class=\"pxl-heading-wrap d-flex\">\n    <div class=\"pxl-heading-inner\">\n                <h2 class=\"heading-title\">\n            Tasar\u0131m Yoluyla Hikaye Anlat\u0131m\u0131        <\/h2>\n            <\/div>\n<\/div>\n\n\t\t\t\t<\/div>\n\t\t\t\t<\/div>\n\t\t\t\t<div class=\"elementor-element elementor-element-bf941a4 pxl-wg-bd-anm-no elementor-widget elementor-widget-pxl_text_editor\" data-id=\"bf941a4\" data-element_type=\"widget\" data-e-type=\"widget\" data-widget_type=\"pxl_text_editor.default\">\n\t\t\t\t<div class=\"elementor-widget-container\">\n\t\t\t\t\t<div id=\"pxl_text_editor-bf941a4-5794\" class=\"pxl-text-editor-wrap d-flex\" >\n\t<div class=\"pxl-text-editor elementor-clearfix\">\n\t\tButik ma\u011fazan\u0131n en g\u00fc\u00e7l\u00fc y\u00f6nlerinden biri hikaye anlatma yetene\u011fidir. Perakende tasar\u0131m\u0131nda hikaye anlat\u0131m\u0131 do\u011frusal de\u011fildir; m\u00fc\u015fteriler alan i\u00e7inde hareket ettik\u00e7e ortaya \u00e7\u0131kar. \u00dcr\u00fcn sunumu, mobilya, ayd\u0131nlatma ve hatta bo\u015f alan gibi her unsur, uyumlu bir anlat\u0131ya katk\u0131da bulunur.\nButik ma\u011fazalar, m\u00fc\u015fterileri say\u0131yla bunaltmak yerine se\u00e7kiye odaklan\u0131r. Daha az \u00fcr\u00fcn, bilin\u00e7li bir \u015fekilde sergilendi\u011finde, genellikle daha y\u00fcksek alg\u0131lanan de\u011fere yol a\u00e7ar. Bu yakla\u015f\u0131m, m\u00fc\u015fterilerin hem \u00fcr\u00fcnlerle hem de mek\u00e2nla duygusal bir ba\u011f kurmas\u0131n\u0131 sa\u011flayarak, sadece ziyaretin \u00f6tesine ge\u00e7en unutulmaz deneyimler yarat\u0131r.\t\t\n\t<\/div>\n<\/div>\t\t\t\t<\/div>\n\t\t\t\t<\/div>\n\t\t\t\t<div class=\"elementor-element elementor-element-974ef5a pxl-wg-bd-anm-no elementor-widget elementor-widget-pxl_heading\" data-id=\"974ef5a\" data-element_type=\"widget\" data-e-type=\"widget\" data-widget_type=\"pxl_heading.default\">\n\t\t\t\t<div class=\"elementor-widget-container\">\n\t\t\t\t\t<div class=\"pxl-heading-wrap d-flex\">\n    <div class=\"pxl-heading-inner\">\n                <h3 class=\"heading-title\">\n            Esneklik ve Gelece\u011fe Haz\u0131r Tasar\u0131m        <\/h3>\n            <\/div>\n<\/div>\n\n\t\t\t\t<\/div>\n\t\t\t\t<\/div>\n\t\t\t\t<div class=\"elementor-element elementor-element-d1a2940 pxl-wg-bd-anm-no elementor-widget elementor-widget-pxl_text_editor\" data-id=\"d1a2940\" data-element_type=\"widget\" data-e-type=\"widget\" data-widget_type=\"pxl_text_editor.default\">\n\t\t\t\t<div class=\"elementor-widget-container\">\n\t\t\t\t\t<div id=\"pxl_text_editor-d1a2940-3589\" class=\"pxl-text-editor-wrap d-flex\" >\n\t<div class=\"pxl-text-editor elementor-clearfix\">\n\t\tModern butik ma\u011faza tasar\u0131m\u0131nda esneklik de g\u00f6z \u00f6n\u00fcnde bulundurulmal\u0131d\u0131r. Mod\u00fcler armat\u00fcrler, uyarlanabilir te\u015fhir stantlar\u0131 ve yeniden d\u00fczenlenebilir yerle\u015fim d\u00fczenleri, alan\u0131n de\u011fi\u015fen koleksiyonlara, kampanyalara ve m\u00fc\u015fteri beklentilerine uyum sa\u011flamas\u0131na olanak tan\u0131r. Bu uyarlanabilirlik, butik ma\u011fazan\u0131n zaman i\u00e7inde g\u00fcncel ve dinamik kalmas\u0131n\u0131 sa\u011flar.\nTeknoloji entegrasyonu, gelece\u011fe haz\u0131rl\u0131\u011f\u0131 daha da art\u0131r\u0131r. Dikkatli dijital temas noktalar\u0131, veriye dayal\u0131 i\u00e7g\u00f6r\u00fcler ve ak\u0131ll\u0131 ayd\u0131nlatma sistemleri, butik atmosferini bozmadan hem m\u00fc\u015fteri deneyimini hem de operasyonel karar verme s\u00fcre\u00e7lerini destekleyebilir.\t\t\n\t<\/div>\n<\/div>\t\t\t\t<\/div>\n\t\t\t\t<\/div>\n\t\t\t\t<div class=\"elementor-element elementor-element-56bfc93 pxl-wg-bd-anm-no elementor-widget elementor-widget-pxl_heading\" data-id=\"56bfc93\" data-element_type=\"widget\" data-e-type=\"widget\" data-widget_type=\"pxl_heading.default\">\n\t\t\t\t<div class=\"elementor-widget-container\">\n\t\t\t\t\t<div class=\"pxl-heading-wrap d-flex\">\n    <div class=\"pxl-heading-inner\">\n                <h3 class=\"heading-title\">\n            Anlaml\u0131 Butik Ma\u011faza Deneyimleri Tasarlamak        <\/h3>\n            <\/div>\n<\/div>\n\n\t\t\t\t<\/div>\n\t\t\t\t<\/div>\n\t\t\t\t<div class=\"elementor-element elementor-element-e84dc91 pxl-wg-bd-anm-no elementor-widget elementor-widget-pxl_text_editor\" data-id=\"e84dc91\" data-element_type=\"widget\" data-e-type=\"widget\" data-widget_type=\"pxl_text_editor.default\">\n\t\t\t\t<div class=\"elementor-widget-container\">\n\t\t\t\t\t<div id=\"pxl_text_editor-e84dc91-1297\" class=\"pxl-text-editor-wrap d-flex\" >\n\t<div class=\"pxl-text-editor elementor-clearfix\">\n\t\t<p>Butik ma\u011faza, bir sat\u0131\u015f alan\u0131ndan daha fazlas\u0131d\u0131r; tasar\u0131m, duygu ve kimli\u011fin bir araya geldi\u011fi \u00f6zenle tasarlanm\u0131\u015f bir ortamd\u0131r. Atmosfere, malzeme kalitesine, hikaye anlat\u0131m\u0131na ve esnekli\u011fe \u00f6ncelik veren butik ma\u011faza tasar\u0131m\u0131, ba\u011fl\u0131l\u0131k ve farkl\u0131la\u015fmay\u0131 te\u015fvik eden anlaml\u0131 perakende deneyimleri yarat\u0131r. Deneyimin giderek daha fazla y\u00f6nlendirdi\u011fi bir pazarda, butik ma\u011faza kas\u0131tl\u0131 perakende tasar\u0131m\u0131n\u0131n g\u00fc\u00e7l\u00fc bir ifadesi olarak \u00f6ne \u00e7\u0131k\u0131yor.<\/p>\t\t\n\t<\/div>\n<\/div>\t\t\t\t<\/div>\n\t\t\t\t<\/div>\n\t\t            <\/div>\r\n        <\/div>\r\n        \t\t\t<\/div>\n\t\t<\/section>\n\t\t\t\t<\/div>","protected":false},"excerpt":{"rendered":"<p>Boutique Store Design: Creating Meaningful and Distinct Retail Experiences In an increasingly competitive retail landscape, consumers no longer visit physical stores solely to purchase products. They seek inspiration, emotion, and connection. This shift has positioned the boutique store concept at the heart of modern retail strategy. Unlike standardized retail formats, a boutique store focuses on [&hellip;]<\/p>\n","protected":false},"author":1,"featured_media":13421,"comment_status":"closed","ping_status":"closed","sticky":false,"template":"elementor_header_footer","format":"standard","meta":{"footnotes":""},"categories":[5],"tags":[],"class_list":["post-13260","post","type-post","status-publish","format-standard","has-post-thumbnail","hentry","category-blog"],"_links":{"self":[{"href":"https:\/\/ontoretail.com\/tr\/wp-json\/wp\/v2\/posts\/13260","targetHints":{"allow":["GET"]}}],"collection":[{"href":"https:\/\/ontoretail.com\/tr\/wp-json\/wp\/v2\/posts"}],"about":[{"href":"https:\/\/ontoretail.com\/tr\/wp-json\/wp\/v2\/types\/post"}],"author":[{"embeddable":true,"href":"https:\/\/ontoretail.com\/tr\/wp-json\/wp\/v2\/users\/1"}],"replies":[{"embeddable":true,"href":"https:\/\/ontoretail.com\/tr\/wp-json\/wp\/v2\/comments?post=13260"}],"version-history":[{"count":3,"href":"https:\/\/ontoretail.com\/tr\/wp-json\/wp\/v2\/posts\/13260\/revisions"}],"predecessor-version":[{"id":13424,"href":"https:\/\/ontoretail.com\/tr\/wp-json\/wp\/v2\/posts\/13260\/revisions\/13424"}],"wp:featuredmedia":[{"embeddable":true,"href":"https:\/\/ontoretail.com\/tr\/wp-json\/wp\/v2\/media\/13421"}],"wp:attachment":[{"href":"https:\/\/ontoretail.com\/tr\/wp-json\/wp\/v2\/media?parent=13260"}],"wp:term":[{"taxonomy":"category","embeddable":true,"href":"https:\/\/ontoretail.com\/tr\/wp-json\/wp\/v2\/categories?post=13260"},{"taxonomy":"post_tag","embeddable":true,"href":"https:\/\/ontoretail.com\/tr\/wp-json\/wp\/v2\/tags?post=13260"}],"curies":[{"name":"wp","href":"https:\/\/api.w.org\/{rel}","templated":true}]}}