{"id":13419,"date":"2026-04-14T12:34:35","date_gmt":"2026-04-14T12:34:35","guid":{"rendered":"https:\/\/ontoretail.com\/?p=13419"},"modified":"2026-04-14T13:34:17","modified_gmt":"2026-04-14T13:34:17","slug":"esnek-ve-gelecege-hazir-perakende-alanlari-icin-moduler-magaza-mobilyalari","status":"publish","type":"post","link":"https:\/\/ontoretail.com\/tr\/modular-store-furniture-for-flexible-and-future-ready-retail-spaces\/","title":{"rendered":"Esnek ve Gelece\u011fe Haz\u0131r Perakende Alanlar\u0131 \u0130\u00e7in Mod\u00fcler Ma\u011faza Mobilyalar\u0131"},"content":{"rendered":"<div data-elementor-type=\"wp-post\" data-elementor-id=\"13419\" class=\"elementor elementor-13419\" data-elementor-post-type=\"post\">\n\t\t\t\t        <section class=\"elementor-section elementor-top-section elementor-element elementor-element-42c4b19 elementor-section-boxed elementor-section-height-default elementor-section-height-default pxl-section-line-left-no pxl-section-line-right-no pxl-section-static-pos-no pxl-section-overflow-hidden-no\" data-id=\"42c4b19\" data-element_type=\"section\" data-e-type=\"section\">\n\n                \n                <div class=\"elementor-container elementor-column-gap-default\">\n                <div class=\"elementor-column elementor-col-100 elementor-top-column elementor-element elementor-element-83b4210 pxl-column-element-default pxl-column-overflow-hidden-no\" data-id=\"83b4210\" data-element_type=\"column\" data-e-type=\"column\">\r\n        <div class=\"elementor-widget-wrap elementor-element-populated\">\r\n                     \r\n        \t\t<div class=\"elementor-element elementor-element-f979729 pxl-wg-bd-anm-no elementor-widget elementor-widget-heading\" data-id=\"f979729\" data-element_type=\"widget\" data-e-type=\"widget\" data-widget_type=\"heading.default\">\n\t\t\t\t<div class=\"elementor-widget-container\">\n\t\t\t\t\t<h1 class=\"elementor-heading-title elementor-size-default\">Esnek ve Gelece\u011fe Haz\u0131r Perakende Alanlar\u0131 \u0130\u00e7in Mod\u00fcler Ma\u011faza Mobilyalar\u0131<\/h1>\t\t\t\t<\/div>\n\t\t\t\t<\/div>\n\t\t\t\t<div class=\"elementor-element elementor-element-c7becd5 elementor-widget__width-initial pxl-wg-bd-anm-no elementor-widget elementor-widget-pxl_text_editor\" data-id=\"c7becd5\" data-element_type=\"widget\" data-e-type=\"widget\" data-widget_type=\"pxl_text_editor.default\">\n\t\t\t\t<div class=\"elementor-widget-container\">\n\t\t\t\t\t<div id=\"pxl_text_editor-c7becd5-9010\" class=\"pxl-text-editor-wrap d-flex\" >\n\t<div class=\"pxl-text-editor elementor-clearfix\">\n\t\tT\u00fcketici beklentileri, \u00fcr\u00fcn d\u00f6ng\u00fcleri ve ma\u011faza konseptleri s\u00fcrekli de\u011fi\u015ftik\u00e7e perakende ortamlar\u0131 h\u0131zla evrimle\u015fmektedir. Bu d\u00f6n\u00fc\u015f\u00fcme ayak uydurmak i\u00e7in perakendeciler, uyarlanabilir, verimli ve g\u00f6rsel olarak tutarl\u0131 alanlar yaratmak i\u00e7in giderek daha fazla mod\u00fcler ma\u011faza mobilyalar\u0131na g\u00fcvenmektedir. Bu yakla\u015f\u0131m, perakende markalar\u0131n\u0131n g\u00fc\u00e7l\u00fc operasyonel kontrol\u00fc korurken d\u00fczenleri h\u0131zla g\u00fcncellemelerine olanak tan\u0131r.\nMod\u00fcler ma\u011faza mobilyalar\u0131n\u0131 kullanarak perakendeciler, maliyetli yap\u0131sal de\u011fi\u015fiklikler yapmadan mevsimsel taleplere, yeni koleksiyonlara ve de\u011fi\u015fen m\u00fc\u015fteri yolculuklar\u0131na yan\u0131t verebilirler.\t\t\n\t<\/div>\n<\/div>\t\t\t\t<\/div>\n\t\t\t\t<\/div>\n\t\t            <\/div>\r\n        <\/div>\r\n        \t\t\t<\/div>\n\t\t<\/section>\n\t\t        <section class=\"elementor-section elementor-top-section elementor-element elementor-element-6738381 elementor-section-boxed elementor-section-height-default elementor-section-height-default pxl-section-line-left-no pxl-section-line-right-no pxl-section-static-pos-no pxl-section-overflow-hidden-no\" data-id=\"6738381\" data-element_type=\"section\" data-e-type=\"section\">\n\n                \n                <div class=\"elementor-container elementor-column-gap-default\">\n                <div class=\"elementor-column elementor-col-50 elementor-top-column elementor-element elementor-element-2e3169c pxl-column-element-default pxl-column-overflow-hidden-no\" data-id=\"2e3169c\" data-element_type=\"column\" data-e-type=\"column\">\r\n        <div class=\"elementor-widget-wrap elementor-element-populated\">\r\n                     \r\n        \t\t<div class=\"elementor-element elementor-element-43cbb2f pxl-wg-bd-anm-no elementor-widget elementor-widget-pxl_image\" data-id=\"43cbb2f\" data-element_type=\"widget\" data-e-type=\"widget\" data-widget_type=\"pxl_image.default\">\n\t\t\t\t<div class=\"elementor-widget-container\">\n\t\t\t\t\t<div id=\"pxl_image-43cbb2f-5870\" class=\"pxl-image-wg\">\r\n\t\t<img fetchpriority=\"high\" decoding=\"async\" width=\"1536\" height=\"1024\" src=\"https:\/\/ontoretail.com\/wp-content\/uploads\/Modular-Store-Furniture-_001.webp\" class=\"attachment-full size-full wp-image-13425\" alt=\"\" srcset=\"https:\/\/ontoretail.com\/wp-content\/uploads\/Modular-Store-Furniture-_001.webp 1536w, https:\/\/ontoretail.com\/wp-content\/uploads\/Modular-Store-Furniture-_001-768x512.webp 768w, https:\/\/ontoretail.com\/wp-content\/uploads\/Modular-Store-Furniture-_001-18x12.webp 18w, https:\/\/ontoretail.com\/wp-content\/uploads\/Modular-Store-Furniture-_001-1065x710.webp 1065w\" sizes=\"(max-width: 1536px) 100vw, 1536px\" \/>\t<\/div>\r\n\t\t\t\t<\/div>\n\t\t\t\t<\/div>\n\t\t            <\/div>\r\n        <\/div>\r\n                <div class=\"elementor-column elementor-col-50 elementor-top-column elementor-element elementor-element-6dfbbd4 pxl-column-element-default pxl-column-overflow-hidden-no\" data-id=\"6dfbbd4\" data-element_type=\"column\" data-e-type=\"column\">\r\n        <div class=\"elementor-widget-wrap elementor-element-populated\">\r\n                     \r\n        \t\t<div class=\"elementor-element elementor-element-e9a99a8 pxl-wg-bd-anm-no elementor-widget elementor-widget-pxl_heading\" data-id=\"e9a99a8\" data-element_type=\"widget\" data-e-type=\"widget\" data-widget_type=\"pxl_heading.default\">\n\t\t\t\t<div class=\"elementor-widget-container\">\n\t\t\t\t\t<div class=\"pxl-heading-wrap d-flex\">\n    <div class=\"pxl-heading-inner\">\n                <h2 class=\"heading-title\">\n            Mod\u00fcler Ma\u011faza Mobilya Sistemlerini Anlamak        <\/h2>\n            <\/div>\n<\/div>\n\n\t\t\t\t<\/div>\n\t\t\t\t<\/div>\n\t\t\t\t<div class=\"elementor-element elementor-element-37f7168 pxl-wg-bd-anm-no elementor-widget elementor-widget-pxl_text_editor\" data-id=\"37f7168\" data-element_type=\"widget\" data-e-type=\"widget\" data-widget_type=\"pxl_text_editor.default\">\n\t\t\t\t<div class=\"elementor-widget-container\">\n\t\t\t\t\t<div id=\"pxl_text_editor-37f7168-2262\" class=\"pxl-text-editor-wrap d-flex\" >\n\t<div class=\"pxl-text-editor elementor-clearfix\">\n\t\tMod\u00fcler ma\u011faza mobilyas\u0131, ihtiya\u00e7 duyuldu\u011funda monte edilebilen, yeniden yap\u0131land\u0131r\u0131labilen veya geni\u015fletilebilen birbirinin yerine ge\u00e7ebilen bile\u015fenler olarak tasarlanm\u0131\u015f perakende demirba\u015flar\u0131n\u0131 ifade eder. Sabit kurulumlar\u0131n aksine, mod\u00fcler ma\u011faza mobilyas\u0131 \u00e7er\u00e7eveler, raflar, paneller ve konekt\u00f6rler gibi standartla\u015ft\u0131r\u0131lm\u0131\u015f \u00f6\u011feler etraf\u0131nda in\u015fa edilir. Mod\u00fcler ma\u011faza mobilyas\u0131 sistemleri tekrarlanabilir boyutlara dayand\u0131\u011f\u0131 i\u00e7in perakendeciler, t\u00fcm demirba\u015flar\u0131 de\u011fi\u015ftirmek yerine mevcut bile\u015fenleri kullanarak ma\u011faza d\u00fczenlerini yeniden tasarlayabilirler. Bu, mod\u00fcler ma\u011faza mobilyas\u0131n\u0131 hem tek konumlarda hem de \u00e7ok ma\u011fazal\u0131 perakende zincirleri i\u00e7in pratik bir \u00e7\u00f6z\u00fcm haline getirir.\t\t\n\t<\/div>\n<\/div>\t\t\t\t<\/div>\n\t\t\t\t<\/div>\n\t\t            <\/div>\r\n        <\/div>\r\n        \t\t\t<\/div>\n\t\t<\/section>\n\t\t        <section class=\"elementor-section elementor-top-section elementor-element elementor-element-4663a46 elementor-section-boxed elementor-section-height-default elementor-section-height-default pxl-section-line-left-no pxl-section-line-right-no pxl-section-static-pos-no pxl-section-overflow-hidden-no\" data-id=\"4663a46\" data-element_type=\"section\" data-e-type=\"section\">\n\n                \n                <div class=\"elementor-container elementor-column-gap-default\">\n                <div class=\"elementor-column elementor-col-100 elementor-top-column elementor-element elementor-element-f3dd0bf pxl-column-element-default pxl-column-overflow-hidden-no\" data-id=\"f3dd0bf\" data-element_type=\"column\" data-e-type=\"column\">\r\n        <div class=\"elementor-widget-wrap elementor-element-populated\">\r\n                     \r\n        \t\t<div class=\"elementor-element elementor-element-1eb0cd4 pxl-wg-bd-anm-no elementor-widget elementor-widget-pxl_heading\" data-id=\"1eb0cd4\" data-element_type=\"widget\" data-e-type=\"widget\" data-widget_type=\"pxl_heading.default\">\n\t\t\t\t<div class=\"elementor-widget-container\">\n\t\t\t\t\t<div class=\"pxl-heading-wrap d-flex\">\n    <div class=\"pxl-heading-inner\">\n                <h2 class=\"heading-title\">\n            Modern Perakendede Neden Mod\u00fcler Ma\u011faza Mobilyalar\u0131 Esast\u0131r        <\/h2>\n            <\/div>\n<\/div>\n\n\t\t\t\t<\/div>\n\t\t\t\t<\/div>\n\t\t\t\t<div class=\"elementor-element elementor-element-deb10e9 elementor-widget__width-initial pxl-wg-bd-anm-no elementor-widget elementor-widget-pxl_text_editor\" data-id=\"deb10e9\" data-element_type=\"widget\" data-e-type=\"widget\" data-widget_type=\"pxl_text_editor.default\">\n\t\t\t\t<div class=\"elementor-widget-container\">\n\t\t\t\t\t<div id=\"pxl_text_editor-deb10e9-4305\" class=\"pxl-text-editor-wrap d-flex\" >\n\t<div class=\"pxl-text-editor elementor-clearfix\">\n\t\tEsneklik talebinin artmas\u0131, mod\u00fcler ma\u011faza mobilyalar\u0131n\u0131 modern perakende tasar\u0131m stratejilerinin temel bir unsuru haline getirmi\u015ftir.\t\t\n\t<\/div>\n<\/div>\t\t\t\t<\/div>\n\t\t\t\t<\/div>\n\t\t\t\t<div class=\"elementor-element elementor-element-f368c69 pxl-wg-bd-anm-no elementor-widget elementor-widget-pxl_heading\" data-id=\"f368c69\" data-element_type=\"widget\" data-e-type=\"widget\" data-widget_type=\"pxl_heading.default\">\n\t\t\t\t<div class=\"elementor-widget-container\">\n\t\t\t\t\t<div class=\"pxl-heading-wrap d-flex\">\n    <div class=\"pxl-heading-inner\">\n                <h2 class=\"heading-title\">\n            Yerle\u015fim Uyarlanabilirli\u011fi        <\/h2>\n            <\/div>\n<\/div>\n\n\t\t\t\t<\/div>\n\t\t\t\t<\/div>\n\t\t\t\t<div class=\"elementor-element elementor-element-97d0a6e pxl-wg-bd-anm-no elementor-widget elementor-widget-pxl_text_editor\" data-id=\"97d0a6e\" data-element_type=\"widget\" data-e-type=\"widget\" data-widget_type=\"pxl_text_editor.default\">\n\t\t\t\t<div class=\"elementor-widget-container\">\n\t\t\t\t\t<div id=\"pxl_text_editor-97d0a6e-5830\" class=\"pxl-text-editor-wrap d-flex\" >\n\t<div class=\"pxl-text-editor elementor-clearfix\">\n\t\tMod\u00fcler ma\u011faza mobilyalar\u0131 ile yeni \u00fcr\u00fcn \u00e7e\u015fitlerini, promosyonlar\u0131 veya trafik ak\u0131\u015f\u0131 de\u011fi\u015fikliklerini desteklemek i\u00e7in d\u00fczenlemeler de\u011fi\u015ftirilebilir. Gondol sistemleri, duvar \u00fcniteleri ve ba\u011f\u0131ms\u0131z ekranlar, profesyonel kurulum ekipleri olmadan k\u0131sa s\u00fcrede yeniden d\u00fczenlenebilir.\t\t\n\t<\/div>\n<\/div>\t\t\t\t<\/div>\n\t\t\t\t<\/div>\n\t\t\t\t<div class=\"elementor-element elementor-element-17df36d pxl-wg-bd-anm-no elementor-widget elementor-widget-pxl_heading\" data-id=\"17df36d\" data-element_type=\"widget\" data-e-type=\"widget\" data-widget_type=\"pxl_heading.default\">\n\t\t\t\t<div class=\"elementor-widget-container\">\n\t\t\t\t\t<div class=\"pxl-heading-wrap d-flex\">\n    <div class=\"pxl-heading-inner\">\n                <h3 class=\"heading-title\">\n            Uzun Vadeli Maliyet Verimlili\u011fi        <\/h3>\n            <\/div>\n<\/div>\n\n\t\t\t\t<\/div>\n\t\t\t\t<\/div>\n\t\t\t\t<div class=\"elementor-element elementor-element-09c28b1 pxl-wg-bd-anm-no elementor-widget elementor-widget-pxl_text_editor\" data-id=\"09c28b1\" data-element_type=\"widget\" data-e-type=\"widget\" data-widget_type=\"pxl_text_editor.default\">\n\t\t\t\t<div class=\"elementor-widget-container\">\n\t\t\t\t\t<div id=\"pxl_text_editor-09c28b1-8010\" class=\"pxl-text-editor-wrap d-flex\" >\n\t<div class=\"pxl-text-editor elementor-clearfix\">\n\t\tMod\u00fcler ma\u011faza mobilyalar\u0131na yap\u0131lan ilk yat\u0131r\u0131m geleneksel donan\u0131mlarla benzer olsa da, uzun vadeli finansal avantajlar \u00f6nemlidir. Bile\u015fenler yeniden kullan\u0131labilir, y\u00fckseltilebilir veya farkl\u0131 yerlere ta\u015f\u0131nabilir, bu da zamanla tadilat maliyetlerini ve malzeme israf\u0131n\u0131 azalt\u0131r.\t\t\n\t<\/div>\n<\/div>\t\t\t\t<\/div>\n\t\t\t\t<\/div>\n\t\t\t\t<div class=\"elementor-element elementor-element-6f6c003 pxl-wg-bd-anm-no elementor-widget elementor-widget-pxl_heading\" data-id=\"6f6c003\" data-element_type=\"widget\" data-e-type=\"widget\" data-widget_type=\"pxl_heading.default\">\n\t\t\t\t<div class=\"elementor-widget-container\">\n\t\t\t\t\t<div class=\"pxl-heading-wrap d-flex\">\n    <div class=\"pxl-heading-inner\">\n                <h3 class=\"heading-title\">\n            Ma\u011fazalar Aras\u0131 Operasyonel Tutarl\u0131l\u0131k        <\/h3>\n            <\/div>\n<\/div>\n\n\t\t\t\t<\/div>\n\t\t\t\t<\/div>\n\t\t\t\t<div class=\"elementor-element elementor-element-ff1f770 pxl-wg-bd-anm-no elementor-widget elementor-widget-pxl_text_editor\" data-id=\"ff1f770\" data-element_type=\"widget\" data-e-type=\"widget\" data-widget_type=\"pxl_text_editor.default\">\n\t\t\t\t<div class=\"elementor-widget-container\">\n\t\t\t\t\t<div id=\"pxl_text_editor-ff1f770-3031\" class=\"pxl-text-editor-wrap d-flex\" >\n\t<div class=\"pxl-text-editor elementor-clearfix\">\n\t\tPerakende zincirleri, farkl\u0131 lokasyonlarda g\u00f6rsel ve i\u015flevsel tutarl\u0131l\u0131k sa\u011flayarak mod\u00fcler ma\u011faza mobilyalar\u0131ndan faydalan\u0131r. Standartla\u015ft\u0131r\u0131lm\u0131\u015f mod\u00fcller, ma\u011faza b\u00fcy\u00fckl\u00fc\u011f\u00fc veya co\u011frafyas\u0131ndan ba\u011f\u0131ms\u0131z olarak marka kimli\u011finin, raf mant\u0131\u011f\u0131n\u0131n ve m\u00fc\u015fteri deneyiminin uyumlu kalmas\u0131n\u0131 sa\u011flar.\t\t\n\t<\/div>\n<\/div>\t\t\t\t<\/div>\n\t\t\t\t<\/div>\n\t\t\t\t<div class=\"elementor-element elementor-element-0f55ced pxl-wg-bd-anm-no elementor-widget elementor-widget-pxl_heading\" data-id=\"0f55ced\" data-element_type=\"widget\" data-e-type=\"widget\" data-widget_type=\"pxl_heading.default\">\n\t\t\t\t<div class=\"elementor-widget-container\">\n\t\t\t\t\t<div class=\"pxl-heading-wrap d-flex\">\n    <div class=\"pxl-heading-inner\">\n                <h3 class=\"heading-title\">\n            Mod\u00fcler Ma\u011faza Mobilyalar\u0131n\u0131n Temel Unsurlar\u0131        <\/h3>\n            <\/div>\n<\/div>\n\n\t\t\t\t<\/div>\n\t\t\t\t<\/div>\n\t\t\t\t<div class=\"elementor-element elementor-element-5907c5c pxl-wg-bd-anm-no elementor-widget elementor-widget-pxl_text_editor\" data-id=\"5907c5c\" data-element_type=\"widget\" data-e-type=\"widget\" data-widget_type=\"pxl_text_editor.default\">\n\t\t\t\t<div class=\"elementor-widget-container\">\n\t\t\t\t\t<div id=\"pxl_text_editor-5907c5c-7582\" class=\"pxl-text-editor-wrap d-flex\" >\n\t<div class=\"pxl-text-editor elementor-clearfix\">\n\t\tBa\u015far\u0131l\u0131 bir mod\u00fcler ma\u011faza mobilya sistemi, birden \u00e7ok \u00f6\u011feyi bir araya getirerek bir b\u00fct\u00fcnl\u00fck olu\u015fturur, te\u015fhir, depolama ve m\u00fc\u015fteri etkile\u015fimini destekler.\t\t\n\t<\/div>\n<\/div>\t\t\t\t<\/div>\n\t\t\t\t<\/div>\n\t\t\t\t<div class=\"elementor-element elementor-element-df5a6f6 pxl-wg-bd-anm-no elementor-widget elementor-widget-pxl_heading\" data-id=\"df5a6f6\" data-element_type=\"widget\" data-e-type=\"widget\" data-widget_type=\"pxl_heading.default\">\n\t\t\t\t<div class=\"elementor-widget-container\">\n\t\t\t\t\t<div class=\"pxl-heading-wrap d-flex\">\n    <div class=\"pxl-heading-inner\">\n                <h3 class=\"heading-title\">\n            Gondol ve Merkezi Te\u015fhir \u00dcniteleri        <\/h3>\n            <\/div>\n<\/div>\n\n\t\t\t\t<\/div>\n\t\t\t\t<\/div>\n\t\t\t\t<div class=\"elementor-element elementor-element-3ea5bcc pxl-wg-bd-anm-no elementor-widget elementor-widget-pxl_text_editor\" data-id=\"3ea5bcc\" data-element_type=\"widget\" data-e-type=\"widget\" data-widget_type=\"pxl_text_editor.default\">\n\t\t\t\t<div class=\"elementor-widget-container\">\n\t\t\t\t\t<div id=\"pxl_text_editor-3ea5bcc-6649\" class=\"pxl-text-editor-wrap d-flex\" >\n\t<div class=\"pxl-text-editor elementor-clearfix\">\n\t\tKald\u0131rma raf sistemleri, mod\u00fcler ma\u011faza mobilyalar\u0131n\u0131n en yayg\u0131n bi\u00e7imlerinden biridir. Ayarlanabilir raflar, kancalar ve b\u00f6l\u00fcc\u00fcler, perakendecilerin ayn\u0131 yap\u0131sal \u00e7er\u00e7eveyi kullanarak \u00e7e\u015fitli \u00fcr\u00fcn kategorilerini sergilemelerine olanak tan\u0131r. Bu \u00fcniteler s\u00fcpermarketler, eczaneler ve genel \u00fcr\u00fcn perakendecileri i\u00e7in idealdir.\t\t\n\t<\/div>\n<\/div>\t\t\t\t<\/div>\n\t\t\t\t<\/div>\n\t\t\t\t<div class=\"elementor-element elementor-element-720d388 pxl-wg-bd-anm-no elementor-widget elementor-widget-pxl_heading\" data-id=\"720d388\" data-element_type=\"widget\" data-e-type=\"widget\" data-widget_type=\"pxl_heading.default\">\n\t\t\t\t<div class=\"elementor-widget-container\">\n\t\t\t\t\t<div class=\"pxl-heading-wrap d-flex\">\n    <div class=\"pxl-heading-inner\">\n                <h3 class=\"heading-title\">\n            Mod\u00fcler Duvar Te\u015fhir Sistemleri        <\/h3>\n            <\/div>\n<\/div>\n\n\t\t\t\t<\/div>\n\t\t\t\t<\/div>\n\t\t\t\t<div class=\"elementor-element elementor-element-f81fa4f pxl-wg-bd-anm-no elementor-widget elementor-widget-pxl_text_editor\" data-id=\"f81fa4f\" data-element_type=\"widget\" data-e-type=\"widget\" data-widget_type=\"pxl_text_editor.default\">\n\t\t\t\t<div class=\"elementor-widget-container\">\n\t\t\t\t\t<div id=\"pxl_text_editor-f81fa4f-7280\" class=\"pxl-text-editor-wrap d-flex\" >\n\t<div class=\"pxl-text-editor elementor-clearfix\">\n\t\tDuvar tipi mod\u00fcler ma\u011faza mobilyalar\u0131 dikey alan\u0131 en \u00fcst d\u00fczeye \u00e7\u0131kar\u0131r ve temiz, d\u00fczenli ma\u011faza d\u00fczenlerini destekler. Paneller, esnek bir yap\u0131land\u0131rma i\u00e7inde raflar\u0131, asma sistemlerini, dijital ekranlar\u0131 veya marka \u00f6\u011felerini bar\u0131nd\u0131rabilir.\t\t\n\t<\/div>\n<\/div>\t\t\t\t<\/div>\n\t\t\t\t<\/div>\n\t\t\t\t<div class=\"elementor-element elementor-element-4435138 pxl-wg-bd-anm-no elementor-widget elementor-widget-pxl_heading\" data-id=\"4435138\" data-element_type=\"widget\" data-e-type=\"widget\" data-widget_type=\"pxl_heading.default\">\n\t\t\t\t<div class=\"elementor-widget-container\">\n\t\t\t\t\t<div class=\"pxl-heading-wrap d-flex\">\n    <div class=\"pxl-heading-inner\">\n                <h3 class=\"heading-title\">\n            Kasa ve Servis Mobilyas\u0131<br \/>\n        <\/h3>\n            <\/div>\n<\/div>\n\n\t\t\t\t<\/div>\n\t\t\t\t<\/div>\n\t\t\t\t<div class=\"elementor-element elementor-element-e50ec70 pxl-wg-bd-anm-no elementor-widget elementor-widget-pxl_text_editor\" data-id=\"e50ec70\" data-element_type=\"widget\" data-e-type=\"widget\" data-widget_type=\"pxl_text_editor.default\">\n\t\t\t\t<div class=\"elementor-widget-container\">\n\t\t\t\t\t<div id=\"pxl_text_editor-e50ec70-6664\" class=\"pxl-text-editor-wrap d-flex\" >\n\t<div class=\"pxl-text-editor elementor-clearfix\">\n\t\tKasa alanlar\u0131, mod\u00fcler ma\u011faza mobilyas\u0131 tasar\u0131m\u0131ndan \u00f6nemli \u00f6l\u00e7\u00fcde fayda sa\u011flar. Mod\u00fcler bankolar, perakendecilerin t\u00fcm \u00f6n u\u00e7 yap\u0131s\u0131n\u0131 de\u011fi\u015ftirmeden yeni \u00f6deme teknolojilerini, self-checkout \u00e7\u00f6z\u00fcmlerini veya m\u00fc\u015fteri hizmetleri istasyonlar\u0131n\u0131 entegre etmelerine olanak tan\u0131r.\t\t\n\t<\/div>\n<\/div>\t\t\t\t<\/div>\n\t\t\t\t<\/div>\n\t\t\t\t<div class=\"elementor-element elementor-element-1348d0d pxl-wg-bd-anm-no elementor-widget elementor-widget-pxl_heading\" data-id=\"1348d0d\" data-element_type=\"widget\" data-e-type=\"widget\" data-widget_type=\"pxl_heading.default\">\n\t\t\t\t<div class=\"elementor-widget-container\">\n\t\t\t\t\t<div class=\"pxl-heading-wrap d-flex\">\n    <div class=\"pxl-heading-inner\">\n                <h3 class=\"heading-title\">\n            Aksesuarlar ve Fonksiyonel Eklentiler        <\/h3>\n            <\/div>\n<\/div>\n\n\t\t\t\t<\/div>\n\t\t\t\t<\/div>\n\t\t\t\t<div class=\"elementor-element elementor-element-d611ff8 pxl-wg-bd-anm-no elementor-widget elementor-widget-pxl_text_editor\" data-id=\"d611ff8\" data-element_type=\"widget\" data-e-type=\"widget\" data-widget_type=\"pxl_text_editor.default\">\n\t\t\t\t<div class=\"elementor-widget-container\">\n\t\t\t\t\t<div id=\"pxl_text_editor-d611ff8-6181\" class=\"pxl-text-editor-wrap d-flex\" >\n\t<div class=\"pxl-text-editor elementor-clearfix\">\n\t\tAyd\u0131nlatma mod\u00fclleri, tabela tutucular\u0131, \u00e7ekmeceler ve g\u00fcvenlik \u00f6zellikleri mod\u00fcler ma\u011faza mobilyalar\u0131n\u0131n i\u015flevselli\u011fini geni\u015fletir. Bu eklemeler, ma\u011fazalar\u0131n promosyonlara, kampanyalara veya \u00fcr\u00fcn lansmanlar\u0131na minimum eforla h\u0131zl\u0131 bir \u015fekilde uyum sa\u011flamas\u0131na yard\u0131mc\u0131 olur.\t\t\n\t<\/div>\n<\/div>\t\t\t\t<\/div>\n\t\t\t\t<\/div>\n\t\t\t\t<div class=\"elementor-element elementor-element-f1f70ef pxl-wg-bd-anm-no elementor-widget elementor-widget-pxl_heading\" data-id=\"f1f70ef\" data-element_type=\"widget\" data-e-type=\"widget\" data-widget_type=\"pxl_heading.default\">\n\t\t\t\t<div class=\"elementor-widget-container\">\n\t\t\t\t\t<div class=\"pxl-heading-wrap d-flex\">\n    <div class=\"pxl-heading-inner\">\n                <h3 class=\"heading-title\">\n            Mod\u00fcler Ma\u011faza Mobilyalar\u0131ndan Faydalanan Perakende Segmentleri        <\/h3>\n            <\/div>\n<\/div>\n\n\t\t\t\t<\/div>\n\t\t\t\t<\/div>\n\t\t\t\t<div class=\"elementor-element elementor-element-a50a64a pxl-wg-bd-anm-no elementor-widget elementor-widget-pxl_text_editor\" data-id=\"a50a64a\" data-element_type=\"widget\" data-e-type=\"widget\" data-widget_type=\"pxl_text_editor.default\">\n\t\t\t\t<div class=\"elementor-widget-container\">\n\t\t\t\t\t<div id=\"pxl_text_editor-a50a64a-4730\" class=\"pxl-text-editor-wrap d-flex\" >\n\t<div class=\"pxl-text-editor elementor-clearfix\">\n\t\tMod\u00fcler ma\u011faza mobilyalar\u0131n\u0131n \u00e7ok y\u00f6nl\u00fcl\u00fc\u011f\u00fc, onu \u00e7ok \u00e7e\u015fitli perakende formatlar\u0131 i\u00e7in uygun hale getirir.\t\t\n\t<\/div>\n<\/div>\t\t\t\t<\/div>\n\t\t\t\t<\/div>\n\t\t\t\t<div class=\"elementor-element elementor-element-08a9584 pxl-wg-bd-anm-no elementor-widget elementor-widget-pxl_heading\" data-id=\"08a9584\" data-element_type=\"widget\" data-e-type=\"widget\" data-widget_type=\"pxl_heading.default\">\n\t\t\t\t<div class=\"elementor-widget-container\">\n\t\t\t\t\t<div class=\"pxl-heading-wrap d-flex\">\n    <div class=\"pxl-heading-inner\">\n                <h3 class=\"heading-title\">\n            Market ve S\u00fcpermarket Perakendecili\u011fi        <\/h3>\n            <\/div>\n<\/div>\n\n\t\t\t\t<\/div>\n\t\t\t\t<\/div>\n\t\t\t\t<div class=\"elementor-element elementor-element-6925e4d pxl-wg-bd-anm-no elementor-widget elementor-widget-pxl_text_editor\" data-id=\"6925e4d\" data-element_type=\"widget\" data-e-type=\"widget\" data-widget_type=\"pxl_text_editor.default\">\n\t\t\t\t<div class=\"elementor-widget-container\">\n\t\t\t\t\t<div id=\"pxl_text_editor-6925e4d-3895\" class=\"pxl-text-editor-wrap d-flex\" >\n\t<div class=\"pxl-text-editor elementor-clearfix\">\n\t\tY\u00fcksek \u00fcr\u00fcn sat\u0131\u015f h\u0131z\u0131 ve s\u0131k yap\u0131lan kampanyalar, h\u0131zl\u0131 ayarlanabilen raf sistemleri gerektirir. Mod\u00fcler ma\u011faza mobilyalar\u0131, a\u011f\u0131r y\u00fck ve dayan\u0131kl\u0131l\u0131k gereksinimlerini kar\u015f\u0131larken verimli alan kullan\u0131m\u0131n\u0131 destekler.\t\t\n\t<\/div>\n<\/div>\t\t\t\t<\/div>\n\t\t\t\t<\/div>\n\t\t\t\t<div class=\"elementor-element elementor-element-2ecc2e7 pxl-wg-bd-anm-no elementor-widget elementor-widget-pxl_heading\" data-id=\"2ecc2e7\" data-element_type=\"widget\" data-e-type=\"widget\" data-widget_type=\"pxl_heading.default\">\n\t\t\t\t<div class=\"elementor-widget-container\">\n\t\t\t\t\t<div class=\"pxl-heading-wrap d-flex\">\n    <div class=\"pxl-heading-inner\">\n                <h3 class=\"heading-title\">\n            Moda ve Ya\u015fam Tarz\u0131 Ma\u011fazalar\u0131        <\/h3>\n            <\/div>\n<\/div>\n\n\t\t\t\t<\/div>\n\t\t\t\t<\/div>\n\t\t\t\t<div class=\"elementor-element elementor-element-2ce4eb8 pxl-wg-bd-anm-no elementor-widget elementor-widget-pxl_text_editor\" data-id=\"2ce4eb8\" data-element_type=\"widget\" data-e-type=\"widget\" data-widget_type=\"pxl_text_editor.default\">\n\t\t\t\t<div class=\"elementor-widget-container\">\n\t\t\t\t\t<div id=\"pxl_text_editor-2ce4eb8-5231\" class=\"pxl-text-editor-wrap d-flex\" >\n\t<div class=\"pxl-text-editor elementor-clearfix\">\n\t\tMod\u00fcler ma\u011faza mobilyalar\u0131, markalar\u0131n g\u00fcnl\u00fck operasyonlar\u0131 aksatmadan vitrinleri ve hikaye anlat\u0131m \u00f6\u011felerini yenilemelerine olanak tan\u0131r.\t\t\n\t<\/div>\n<\/div>\t\t\t\t<\/div>\n\t\t\t\t<\/div>\n\t\t\t\t<div class=\"elementor-element elementor-element-e96f92d pxl-wg-bd-anm-no elementor-widget elementor-widget-pxl_heading\" data-id=\"e96f92d\" data-element_type=\"widget\" data-e-type=\"widget\" data-widget_type=\"pxl_heading.default\">\n\t\t\t\t<div class=\"elementor-widget-container\">\n\t\t\t\t\t<div class=\"pxl-heading-wrap d-flex\">\n    <div class=\"pxl-heading-inner\">\n                <h3 class=\"heading-title\">\n            Elektronik ve \u00d6zel Ma\u011fazalar<br \/>\n        <\/h3>\n            <\/div>\n<\/div>\n\n\t\t\t\t<\/div>\n\t\t\t\t<\/div>\n\t\t\t\t<div class=\"elementor-element elementor-element-2e60e32 pxl-wg-bd-anm-no elementor-widget elementor-widget-pxl_text_editor\" data-id=\"2e60e32\" data-element_type=\"widget\" data-e-type=\"widget\" data-widget_type=\"pxl_text_editor.default\">\n\t\t\t\t<div class=\"elementor-widget-container\">\n\t\t\t\t\t<div id=\"pxl_text_editor-2e60e32-6364\" class=\"pxl-text-editor-wrap d-flex\" >\n\t<div class=\"pxl-text-editor elementor-clearfix\">\n\t\tElektronik perakendecilerinin genellikle a\u00e7\u0131k te\u015fhir \u00fcnitelerine, g\u00fcvenli dolaplara ve demo alanlar\u0131na ihtiyac\u0131 vard\u0131r. Mod\u00fcler ma\u011faza mobilyalar\u0131, bu ihtiya\u00e7lar\u0131 tek bir entegre sistemde birle\u015ftirmeyi m\u00fcmk\u00fcn k\u0131lar.\t\t\n\t<\/div>\n<\/div>\t\t\t\t<\/div>\n\t\t\t\t<\/div>\n\t\t\t\t<div class=\"elementor-element elementor-element-b7862c0 pxl-wg-bd-anm-no elementor-widget elementor-widget-pxl_heading\" data-id=\"b7862c0\" data-element_type=\"widget\" data-e-type=\"widget\" data-widget_type=\"pxl_heading.default\">\n\t\t\t\t<div class=\"elementor-widget-container\">\n\t\t\t\t\t<div class=\"pxl-heading-wrap d-flex\">\n    <div class=\"pxl-heading-inner\">\n                <h3 class=\"heading-title\">\n            Pop-up ve Ge\u00e7ici Perakende Alanlar\u0131        <\/h3>\n            <\/div>\n<\/div>\n\n\t\t\t\t<\/div>\n\t\t\t\t<\/div>\n\t\t\t\t<div class=\"elementor-element elementor-element-1904bfb pxl-wg-bd-anm-no elementor-widget elementor-widget-pxl_text_editor\" data-id=\"1904bfb\" data-element_type=\"widget\" data-e-type=\"widget\" data-widget_type=\"pxl_text_editor.default\">\n\t\t\t\t<div class=\"elementor-widget-container\">\n\t\t\t\t\t<div id=\"pxl_text_editor-1904bfb-3645\" class=\"pxl-text-editor-wrap d-flex\" >\n\t<div class=\"pxl-text-editor elementor-clearfix\">\n\t\tTe\u015fhir ma\u011fazalar\u0131 b\u00fcy\u00fck \u00f6l\u00e7\u00fcde hareketlilik ve h\u0131zl\u0131 kurulumlara dayan\u0131r. Mod\u00fcler ma\u011faza mobilyalar\u0131, bile\u015fenler birden fazla konumda ve konseptte yeniden kullan\u0131labildi\u011fi i\u00e7in ge\u00e7ici perakende ortamlar\u0131 i\u00e7in idealdir.\t\t\n\t<\/div>\n<\/div>\t\t\t\t<\/div>\n\t\t\t\t<\/div>\n\t\t\t\t<div class=\"elementor-element elementor-element-e576e10 pxl-wg-bd-anm-no elementor-widget elementor-widget-pxl_heading\" data-id=\"e576e10\" data-element_type=\"widget\" data-e-type=\"widget\" data-widget_type=\"pxl_heading.default\">\n\t\t\t\t<div class=\"elementor-widget-container\">\n\t\t\t\t\t<div class=\"pxl-heading-wrap d-flex\">\n    <div class=\"pxl-heading-inner\">\n                <h3 class=\"heading-title\">\n            Mod\u00fcler Ma\u011faza Mobilyalar\u0131n\u0131n S\u00fcrd\u00fcr\u00fclebilirlik Avantajlar\u0131        <\/h3>\n            <\/div>\n<\/div>\n\n\t\t\t\t<\/div>\n\t\t\t\t<\/div>\n\t\t\t\t<div class=\"elementor-element elementor-element-f57328b pxl-wg-bd-anm-no elementor-widget elementor-widget-pxl_text_editor\" data-id=\"f57328b\" data-element_type=\"widget\" data-e-type=\"widget\" data-widget_type=\"pxl_text_editor.default\">\n\t\t\t\t<div class=\"elementor-widget-container\">\n\t\t\t\t\t<div id=\"pxl_text_editor-f57328b-3263\" class=\"pxl-text-editor-wrap d-flex\" >\n\t<div class=\"pxl-text-editor elementor-clearfix\">\n\t\tS\u00fcrd\u00fcr\u00fclebilirlik, bireysel yat\u0131r\u0131m kararlar\u0131nda giderek daha \u00f6nemli bir rol oynamaktad\u0131r. Mod\u00fcler ma\u011faza mobilyalar\u0131, do\u011fas\u0131 gere\u011fi d\u00f6ng\u00fcsel tasar\u0131m prensiplerini desteklemektedir. Bile\u015fenler yeniden kullan\u0131larak, perakendeciler malzeme israf\u0131n\u0131 azalt\u0131r ve ma\u011faza armat\u00fcrlerinin \u00f6mr\u00fcn\u00fc uzat\u0131r. Mod\u00fcler ma\u011faza mobilyalar\u0131 ayr\u0131ca ma\u011faza yer de\u011fi\u015ftirmeleri veya k\u00fc\u00e7\u00fcltmeler s\u0131ras\u0131nda lojisti\u011fi basitle\u015ftirerek nakliye ve bertaraf etkisini d\u00fc\u015f\u00fcr\u00fcr.\t\t\n\t<\/div>\n<\/div>\t\t\t\t<\/div>\n\t\t\t\t<\/div>\n\t\t\t\t<div class=\"elementor-element elementor-element-bc6d3a5 pxl-wg-bd-anm-no elementor-widget elementor-widget-pxl_heading\" data-id=\"bc6d3a5\" data-element_type=\"widget\" data-e-type=\"widget\" data-widget_type=\"pxl_heading.default\">\n\t\t\t\t<div class=\"elementor-widget-container\">\n\t\t\t\t\t<div class=\"pxl-heading-wrap d-flex\">\n    <div class=\"pxl-heading-inner\">\n                <h3 class=\"heading-title\">\n            Etkili Bir Mod\u00fcler Ma\u011faza D\u00fczeni Planlama        <\/h3>\n            <\/div>\n<\/div>\n\n\t\t\t\t<\/div>\n\t\t\t\t<\/div>\n\t\t\t\t<div class=\"elementor-element elementor-element-6527a7c pxl-wg-bd-anm-no elementor-widget elementor-widget-pxl_text_editor\" data-id=\"6527a7c\" data-element_type=\"widget\" data-e-type=\"widget\" data-widget_type=\"pxl_text_editor.default\">\n\t\t\t\t<div class=\"elementor-widget-container\">\n\t\t\t\t\t<div id=\"pxl_text_editor-6527a7c-7044\" class=\"pxl-text-editor-wrap d-flex\" >\n\t<div class=\"pxl-text-editor elementor-clearfix\">\n\t\tMod\u00fcler ma\u011faza mobilyalar\u0131ndan elde edilen faydalar\u0131 en \u00fcst d\u00fczeye \u00e7\u0131karmak i\u00e7in dikkatli bir planlama \u015fartt\u0131r. Perakendeciler, sistemleri se\u00e7erken \u00fcr\u00fcn karmas\u0131n\u0131, m\u00fc\u015fteri ak\u0131\u015f\u0131n\u0131 ve gelecekteki \u00f6l\u00e7eklenebilirli\u011fi g\u00f6z \u00f6n\u00fcnde bulundurmal\u0131d\u0131r.\nMod\u00fcler ma\u011faza mobilyas\u0131, ba\u015flang\u0131\u00e7tan itibaren ayd\u0131nlatma, tabela ve dijital ara\u00e7larla entegre edildi\u011finde, hem i\u015flevselli\u011fi hem de marka ifadesini destekleyen uyumlu bir ortam yarat\u0131r. Yerle\u015fim planlamas\u0131na veri odakl\u0131 bir yakla\u015f\u0131m, verimlilikten \u00f6d\u00fcn vermeden esnekli\u011fi sa\u011flar.\t\t\n\t<\/div>\n<\/div>\t\t\t\t<\/div>\n\t\t\t\t<\/div>\n\t\t\t\t<div class=\"elementor-element elementor-element-5d1e572 pxl-wg-bd-anm-no elementor-widget elementor-widget-pxl_heading\" data-id=\"5d1e572\" data-element_type=\"widget\" data-e-type=\"widget\" data-widget_type=\"pxl_heading.default\">\n\t\t\t\t<div class=\"elementor-widget-container\">\n\t\t\t\t\t<div class=\"pxl-heading-wrap d-flex\">\n    <div class=\"pxl-heading-inner\">\n                <h3 class=\"heading-title\">\n            Mod\u00fcler Ma\u011faza Mobilyalar\u0131 ile Dayan\u0131kl\u0131 Perakende Alanlar\u0131 Olu\u015fturmak        <\/h3>\n            <\/div>\n<\/div>\n\n\t\t\t\t<\/div>\n\t\t\t\t<\/div>\n\t\t\t\t<div class=\"elementor-element elementor-element-dc76caf pxl-wg-bd-anm-no elementor-widget elementor-widget-pxl_text_editor\" data-id=\"dc76caf\" data-element_type=\"widget\" data-e-type=\"widget\" data-widget_type=\"pxl_text_editor.default\">\n\t\t\t\t<div class=\"elementor-widget-container\">\n\t\t\t\t\t<div id=\"pxl_text_editor-dc76caf-2334\" class=\"pxl-text-editor-wrap d-flex\" >\n\t<div class=\"pxl-text-editor elementor-clearfix\">\n\t\tPerakende alanlar\u0131 geli\u015fmeye devam ettik\u00e7e, uyum sa\u011flama yetene\u011fi rekabet avantaj\u0131 haline geldi. Mod\u00fcler ma\u011faza mobilyalar\u0131, perakendecilerin s\u00fcrekli yap\u0131sal yat\u0131r\u0131m yapmadan ma\u011fazalar\u0131 yeniden tasarlamas\u0131na, \u00f6l\u00e7eklendirmesine ve yenilemesine olanak tan\u0131r.\nMod\u00fcler ma\u011faza mobilyas\u0131 sistemlerini se\u00e7erek, perakendeciler operasyonel verimlili\u011fi ve g\u00f6rsel tutarl\u0131l\u0131\u011f\u0131 korurken gelecekteki de\u011fi\u015fikliklere haz\u0131r ortamlar olu\u015ftururlar. Bu esneklik, uzun vadeli b\u00fcy\u00fcmeyi destekler ve markalar\u0131n giderek daha dinamik perakende ortam\u0131nda duyarl\u0131 kalmas\u0131na yard\u0131mc\u0131 olur.\t\t\n\t<\/div>\n<\/div>\t\t\t\t<\/div>\n\t\t\t\t<\/div>\n\t\t            <\/div>\r\n        <\/div>\r\n        \t\t\t<\/div>\n\t\t<\/section>\n\t\t\t\t<\/div>","protected":false},"excerpt":{"rendered":"<p>Modular Store Furniture for Flexible and Future Ready Retail Spaces Retail environments are evolving rapidly as consumer expectations, product cycles, and store concepts continue to change. To keep pace with this transformation, retailers increasingly rely on modular store furniture to create spaces that are adaptable, efficient, and visually consistent. This approach allows retail brands to [&hellip;]<\/p>\n","protected":false},"author":1,"featured_media":13425,"comment_status":"closed","ping_status":"closed","sticky":false,"template":"elementor_header_footer","format":"standard","meta":{"footnotes":""},"categories":[5],"tags":[],"class_list":["post-13419","post","type-post","status-publish","format-standard","has-post-thumbnail","hentry","category-blog"],"_links":{"self":[{"href":"https:\/\/ontoretail.com\/tr\/wp-json\/wp\/v2\/posts\/13419","targetHints":{"allow":["GET"]}}],"collection":[{"href":"https:\/\/ontoretail.com\/tr\/wp-json\/wp\/v2\/posts"}],"about":[{"href":"https:\/\/ontoretail.com\/tr\/wp-json\/wp\/v2\/types\/post"}],"author":[{"embeddable":true,"href":"https:\/\/ontoretail.com\/tr\/wp-json\/wp\/v2\/users\/1"}],"replies":[{"embeddable":true,"href":"https:\/\/ontoretail.com\/tr\/wp-json\/wp\/v2\/comments?post=13419"}],"version-history":[{"count":7,"href":"https:\/\/ontoretail.com\/tr\/wp-json\/wp\/v2\/posts\/13419\/revisions"}],"predecessor-version":[{"id":13431,"href":"https:\/\/ontoretail.com\/tr\/wp-json\/wp\/v2\/posts\/13419\/revisions\/13431"}],"wp:featuredmedia":[{"embeddable":true,"href":"https:\/\/ontoretail.com\/tr\/wp-json\/wp\/v2\/media\/13425"}],"wp:attachment":[{"href":"https:\/\/ontoretail.com\/tr\/wp-json\/wp\/v2\/media?parent=13419"}],"wp:term":[{"taxonomy":"category","embeddable":true,"href":"https:\/\/ontoretail.com\/tr\/wp-json\/wp\/v2\/categories?post=13419"},{"taxonomy":"post_tag","embeddable":true,"href":"https:\/\/ontoretail.com\/tr\/wp-json\/wp\/v2\/tags?post=13419"}],"curies":[{"name":"wp","href":"https:\/\/api.w.org\/{rel}","templated":true}]}}